{"id":29315,"date":"2017-09-24T13:33:41","date_gmt":"2017-09-24T16:33:41","guid":{"rendered":"http:\/\/caririemacao.com\/1\/?p=29315"},"modified":"2017-09-24T15:18:59","modified_gmt":"2017-09-24T18:18:59","slug":"mano-walter-faz-show-neste-domingo-em-sao-jose-dos-cordeiros","status":"publish","type":"post","link":"https:\/\/www.caririemacao.com\/1\/2017\/09\/24\/mano-walter-faz-show-neste-domingo-em-sao-jose-dos-cordeiros\/","title":{"rendered":"Mano Walter faz show neste domingo em S\u00e3o Jos\u00e9 dos Cordeiros"},"content":{"rendered":"<p>Forr\u00f3 e m\u00fasica sertaneja se misturam no estilo do cantor Mano Walter, que tem show marcado em S\u00e3o Jos\u00e9 dos Cordeiros neste domingo, dia 24, durante a \u00faltima noite da 9\u00aa edi\u00e7\u00e3o do Festival do Mel.<\/p>\n<p>Durante o show que come\u00e7a \u00e0s 11h, Mano Walter cantar\u00e1 seus maiores sucessos como Zero boi, A noite nos espera, Saudade preferida e Playboy fazendeiro, todos esses e muitos outros. Al\u00e9m de Mano Walter tamb\u00e9m estar\u00e3o no palco Wallas Arrais e Karas do Forr\u00f3.<\/p>\n<p>Para o show deste domingo em S\u00e3o Jos\u00e9 dos Cordeiros, no Cariri Paraibano, Mano Walter disse ter preparado um repert\u00f3rio com carinho: \u201cUm show muito bacana e ecl\u00e9tico com nossos grandes sucessos, em que vai ter muito forr\u00f3 de vaquejada rom\u00e2ntico, que \u00e9 o nosso sucesso, que d\u00e1 nome a nossa festa que est\u00e1 conquistando o Brasil\u201d.<\/p>\n<p>Mano Walter come\u00e7ou a carreira ainda na juventude. Tinha como principal refer\u00eancia as vaquejadas, que frequentava na companhia do pai durante a inf\u00e2ncia, no interior de Alagoas. O hist\u00f3rico com o forr\u00f3 \u00e9 motivo de orgulho. \u201cHoje o forr\u00f3 \u00e9 um segmento que a cada dia se consolida mais em nosso pa\u00eds como um dos principais g\u00eaneros da m\u00fasica. Antes, existia um preconceito com o ritmo, mas hoje invadimos de fato o cen\u00e1rio nacional e participamos de grandes festivais Brasil afora. Isso me deixa muito orgulhoso. Me faz a cada dia abra\u00e7ar e lutar pela nossa bandeira\u201d, pontua.<\/p>\n<p>Para ele, a ascens\u00e3o do chamado \u201cfeminejo\u201d no pa\u00eds \u2013 movimento no qual as mulheres assumem as paradas de sucesso da m\u00fasica sertaneja \u2013 \u00e9 sinal de avan\u00e7o: \u201cAssim como em outros segmentos, as mulheres v\u00eam assumindo um importante papel. Fico muito feliz em ver esse crescimento no cen\u00e1rio musical. Tenho grandes amigas como Mar\u00edlia Mendon\u00e7a e Mayara e Maraisa, que s\u00e3o sucesso em um mercado t\u00e3o concorrido no Brasil e, o mais importante, cantando a verdade, cantando o que \u00e9 seu, o que sai do cora\u00e7\u00e3o de cada uma\u201d.<\/p>\n<p><strong>CARIRI EM A\u00c7\u00c3O<\/strong><\/p>\n<p>Leia mais not\u00edcias em\u00a0<a style=\"font-style: inherit; font-weight: inherit;\" href=\"http:\/\/www.caririemacao.com\/\">caririemacao.com<\/a>, siga nossa p\u00e1gina no\u00a0<a style=\"font-style: inherit; font-weight: inherit;\" href=\"https:\/\/www.facebook.com\/CaririEmAcao\/?ref=aymt_homepage_panel\">Facebook<\/a>,\u00a0<a style=\"font-style: inherit; font-weight: inherit;\" href=\"https:\/\/www.instagram.com\/cariri_em_acao\/?hl=pt-br\">Instagram<\/a>\u00a0e\u00a0<a style=\"font-style: inherit; font-weight: inherit;\" href=\"https:\/\/www.youtube.com\/channel\/UCAptA0jQuYQy8vMhLt2m4qg\">Youtube<\/a>\u00a0e veja nossas mat\u00e9rias, v\u00eddeos e fotos. Voc\u00ea tamb\u00e9m pode enviar informa\u00e7\u00f5es \u00e0 Reda\u00e7\u00e3o do Portal Cariri em A\u00e7\u00e3o pelo WhatsApp (83) 9 9634.5791, (83) 9 9601-1162.<\/p>\n","protected":false},"excerpt":{"rendered":"<p>Forr\u00f3 e m\u00fasica sertaneja se misturam no estilo do cantor Mano Walter, que tem show marcado em S\u00e3o Jos\u00e9 dos Cordeiros neste domingo, dia 24,&hellip; <\/p>\n","protected":false},"author":2,"featured_media":29316,"comment_status":"closed","ping_status":"closed","sticky":false,"template":"","format":"standard","meta":{"sfsi_plus_gutenberg_text_before_share":"","sfsi_plus_gutenberg_show_text_before_share":"","sfsi_plus_gutenberg_icon_type":"","sfsi_plus_gutenberg_icon_alignemt":"","sfsi_plus_gutenburg_max_per_row":"","footnotes":""},"categories":[2],"tags":[],"class_list":["post-29315","post","type-post","status-publish","format-standard","has-post-thumbnail","hentry","category-geral"],"_links":{"self":[{"href":"https:\/\/www.caririemacao.com\/1\/wp-json\/wp\/v2\/posts\/29315","targetHints":{"allow":["GET"]}}],"collection":[{"href":"https:\/\/www.caririemacao.com\/1\/wp-json\/wp\/v2\/posts"}],"about":[{"href":"https:\/\/www.caririemacao.com\/1\/wp-json\/wp\/v2\/types\/post"}],"author":[{"embeddable":true,"href":"https:\/\/www.caririemacao.com\/1\/wp-json\/wp\/v2\/users\/2"}],"replies":[{"embeddable":true,"href":"https:\/\/www.caririemacao.com\/1\/wp-json\/wp\/v2\/comments?post=29315"}],"version-history":[{"count":0,"href":"https:\/\/www.caririemacao.com\/1\/wp-json\/wp\/v2\/posts\/29315\/revisions"}],"wp:featuredmedia":[{"embeddable":true,"href":"https:\/\/www.caririemacao.com\/1\/wp-json\/wp\/v2\/media\/29316"}],"wp:attachment":[{"href":"https:\/\/www.caririemacao.com\/1\/wp-json\/wp\/v2\/media?parent=29315"}],"wp:term":[{"taxonomy":"category","embeddable":true,"href":"https:\/\/www.caririemacao.com\/1\/wp-json\/wp\/v2\/categories?post=29315"},{"taxonomy":"post_tag","embeddable":true,"href":"https:\/\/www.caririemacao.com\/1\/wp-json\/wp\/v2\/tags?post=29315"}],"curies":[{"name":"wp","href":"https:\/\/api.w.org\/{rel}","templated":true}]}}