{"id":29319,"date":"2017-09-24T19:08:13","date_gmt":"2017-09-24T22:08:13","guid":{"rendered":"http:\/\/caririemacao.com\/1\/?p=29319"},"modified":"2017-09-24T19:19:19","modified_gmt":"2017-09-24T22:19:19","slug":"eleicoes-na-alemanha-merkel-vence-e-extrema-direita-e-a-terceira-forca-politica","status":"publish","type":"post","link":"https:\/\/www.caririemacao.com\/1\/2017\/09\/24\/eleicoes-na-alemanha-merkel-vence-e-extrema-direita-e-a-terceira-forca-politica\/","title":{"rendered":"ELEI\u00c7\u00d5ES NA ALEMANHA: Merkel vence e extrema-direita \u00e9 a terceira for\u00e7a pol\u00edtica"},"content":{"rendered":"<p>A CDU da chanceler Angela Merkel venceu as elei\u00e7\u00f5es legislativas de hoje com 33,5% dos votos, seguida dos sociais-democratas do SPD e do partido Alternativa para a Alemanha (AFD), de extrema-direita, segundo uma sondagem divulgada pela televis\u00e3o p\u00fablica ZDF.<\/p>\n<p>O partido liberal (FDP) chegar\u00e1 aos 10%, de acordo com os dados divulgados por aquela cadeia televisiva, aquando do encerramento das assembleias de voto, enquanto a esquerda e os Verdes ficar\u00e3o empatados com 9% dos votos, segundo ag\u00eancia de not\u00edcias espanhola EFE.<\/p>\n<div id=\"restText\">\n<p>Esses resultados s\u00e3o muito semelhantes \u00e0 sondagem divulgada ao mesmo tempo pela televis\u00e3o ARD, que atribui ao bloco conservador 32,5% dos votos, seguido pelo Partido Social Democrata (SPD) de Martin Schulz, com 20%, e da AFD, com 13,5%.<\/p>\n<p><strong>Solu\u00e7\u00f5es<\/strong><\/p>\n<p>Se estas previs\u00f5es se confirmarem, h\u00e1 apenas duas op\u00e7\u00f5es para uma poss\u00edvel alian\u00e7a governamental: ou a reelei\u00e7\u00e3o da grande coliga\u00e7\u00e3o com os social-democratas, como a liderada na \u00faltima legislatura de Merkel; ou uma coliga\u00e7\u00e3o tripartida in\u00e9dita, entre o partido da chanceler Angela Merkel, os Verdes e o FDP.<\/p>\n<p>Estas percentagens, caso de confirmem, representam o naufr\u00e1gio do SPD, sob a lideran\u00e7a de Martin Schulz, naquele que poder\u00e1 ser o pior resultado na hist\u00f3ria do partido.<\/p>\n<p>Os principais partidos tamb\u00e9m sofreram um decl\u00ednio acentuado em rela\u00e7\u00e3o \u00e0s elei\u00e7\u00f5es gerais de 2013, ano em que a Uni\u00e3o Democrata Crist\u00e3 de Merkel e o seu aliado na \u00faltima legislatura (CDU \/CSU), obtiveram 41,5% e o SPD 25,7%.<\/p>\n<p>A esquerda foi a terceira for\u00e7a mais votada, com 8,6%, enquanto os Verdes obtiveram 8,4%.<\/p>\n<p>Tanto o FDP como o AFD, ent\u00e3o um partido essencialmente euroc\u00e9tico, ficaram umas d\u00e9cimas abaixo do limite m\u00ednimo de 5% exigido para a elei\u00e7\u00e3o parlamentar.<\/p>\n<p>Caso estes resultados se confirmem, o pr\u00f3ximo Bundestag ter\u00e1 seis grupos parlamentares e, portanto, ser\u00e1 o mais diversificado em termos de n\u00famero de forma\u00e7\u00f5es desde a d\u00e9cada de 1950.<\/p>\n<p>Merkel chegou ao poder em 2005 depois de derrotar o ent\u00e3o chanceler Gerhard Schroder, tendo depoois derrotado Frank-Walter Steinmeier, em 2009, e Peer Steinbr\u00fcck, em 2013.<\/p>\n<\/div>\n<div>\n<p><strong>CARIRI EM A\u00c7\u00c3O<\/strong><\/p>\n<p><em>Com Record\/Foto:Google\u00a0\u00a0 <\/em><\/p>\n<p><strong>Leia mais not\u00edcias em\u00a0<\/strong><a href=\"http:\/\/www.caririemacao.com\/\"><strong>caririemacao.com<\/strong><\/a><strong>, siga nossa p\u00e1gina no\u00a0<\/strong><a href=\"https:\/\/www.facebook.com\/CaririEmAcao\/?ref=aymt_homepage_panel\"><strong>Facebook<\/strong><\/a>,<strong>\u00a0<\/strong><a href=\"https:\/\/www.instagram.com\/cariri_em_acao\/?hl=pt-br\"><strong>Instagram<\/strong><\/a><strong>\u00a0e <\/strong><a href=\"https:\/\/www.youtube.com\/channel\/UCAptA0jQuYQy8vMhLt2m4qg\"><strong>Youtube<\/strong><\/a><strong>\u00a0e veja nossas mat\u00e9rias, v\u00eddeos e fotos. Voc\u00ea tamb\u00e9m pode enviar informa\u00e7\u00f5es \u00e0 Reda\u00e7\u00e3o do Portal Cariri em A\u00e7\u00e3o pelo WhatsApp (83) 9 9634.5791, (83) 9 9601-1162.<\/strong><\/p>\n<\/div>\n","protected":false},"excerpt":{"rendered":"<p>A CDU da chanceler Angela Merkel venceu as elei\u00e7\u00f5es legislativas de hoje com 33,5% dos votos, seguida dos sociais-democratas do SPD e do partido Alternativa&hellip; <\/p>\n","protected":false},"author":2,"featured_media":29320,"comment_status":"closed","ping_status":"closed","sticky":false,"template":"","format":"standard","meta":{"sfsi_plus_gutenberg_text_before_share":"","sfsi_plus_gutenberg_show_text_before_share":"","sfsi_plus_gutenberg_icon_type":"","sfsi_plus_gutenberg_icon_alignemt":"","sfsi_plus_gutenburg_max_per_row":"","footnotes":""},"categories":[11],"tags":[],"class_list":["post-29319","post","type-post","status-publish","format-standard","has-post-thumbnail","hentry","category-politica"],"_links":{"self":[{"href":"https:\/\/www.caririemacao.com\/1\/wp-json\/wp\/v2\/posts\/29319","targetHints":{"allow":["GET"]}}],"collection":[{"href":"https:\/\/www.caririemacao.com\/1\/wp-json\/wp\/v2\/posts"}],"about":[{"href":"https:\/\/www.caririemacao.com\/1\/wp-json\/wp\/v2\/types\/post"}],"author":[{"embeddable":true,"href":"https:\/\/www.caririemacao.com\/1\/wp-json\/wp\/v2\/users\/2"}],"replies":[{"embeddable":true,"href":"https:\/\/www.caririemacao.com\/1\/wp-json\/wp\/v2\/comments?post=29319"}],"version-history":[{"count":0,"href":"https:\/\/www.caririemacao.com\/1\/wp-json\/wp\/v2\/posts\/29319\/revisions"}],"wp:featuredmedia":[{"embeddable":true,"href":"https:\/\/www.caririemacao.com\/1\/wp-json\/wp\/v2\/media\/29320"}],"wp:attachment":[{"href":"https:\/\/www.caririemacao.com\/1\/wp-json\/wp\/v2\/media?parent=29319"}],"wp:term":[{"taxonomy":"category","embeddable":true,"href":"https:\/\/www.caririemacao.com\/1\/wp-json\/wp\/v2\/categories?post=29319"},{"taxonomy":"post_tag","embeddable":true,"href":"https:\/\/www.caririemacao.com\/1\/wp-json\/wp\/v2\/tags?post=29319"}],"curies":[{"name":"wp","href":"https:\/\/api.w.org\/{rel}","templated":true}]}}