{"id":29328,"date":"2017-09-25T10:20:28","date_gmt":"2017-09-25T13:20:28","guid":{"rendered":"http:\/\/caririemacao.com\/1\/?p=29328"},"modified":"2017-09-25T10:20:28","modified_gmt":"2017-09-25T13:20:28","slug":"prefeitura-de-monteiro-oferece-capacitacao-com-cursos-tecnicos-gratuitos","status":"publish","type":"post","link":"https:\/\/www.caririemacao.com\/1\/2017\/09\/25\/prefeitura-de-monteiro-oferece-capacitacao-com-cursos-tecnicos-gratuitos\/","title":{"rendered":"Prefeitura de Monteiro oferece capacita\u00e7\u00e3o com cursos t\u00e9cnicos gratuitos"},"content":{"rendered":"<p>Buscando sempre o desenvolvimento da popula\u00e7\u00e3o, consequentemente da cidade, a Prefeitura de Monteiro por meio da Secretaria de Desenvolvimento Social est\u00e1 elaborado um calend\u00e1rio para a realiza\u00e7\u00e3o dos cursos de pedreiro, cabeleireiro, unha em gel, costureiro industrial, design de sobrancelha e ceia de natal. O primeiro curso com data e vagas definidas \u00e9 o de pedreiro, que j\u00e1 est\u00e1 com as inscri\u00e7\u00f5es abertas e come\u00e7a no pr\u00f3ximo dia 02 de outubro, com 32 vagas.<\/p>\n<p>\u201cO que queremos \u00e9 gerar empregos e estimular novos neg\u00f3cios, movimentar a economia local e ainda levar novas perspectivas para a popula\u00e7\u00e3o atrav\u00e9s destes cursos que garantir\u00e3o a qualidade do servi\u00e7o e da m\u00e3o de obra. Pais e m\u00e3es de fam\u00edlia garantir\u00e3o o sustento de suas casas melhorando a qualidade de vida de monteirenses\u201d, disse Rosa Aleixo, secretaria de Desenvolvimento Social.<\/p>\n<p>A prefeita Anna Lorena afirmou que esta iniciativa de oferecer cursos de qualifica\u00e7\u00e3o para a cidade de Monteiro vem da observa\u00e7\u00e3o das necessidades bem como de pedidos da popula\u00e7\u00e3o. \u201cOs programas da prefeitura est\u00e3o surtindo efeitos bastante positivos, ouvimos a popula\u00e7\u00e3o no gabinete, no Programa Monteiro Cidade Bela e os secret\u00e1rios e vereadores tamb\u00e9m nos repassam os anseios das pessoas. Queremos que cada residente da cidade tenha sua renda, uma boa qualidade de vida para si e para sua fam\u00edlia, estamos aqui pra trabalhar por todos e fazer de Monteiro uma cidade cada vez melhor\u201d, disse.<\/p>\n<p><strong>COMO PROCEDER<\/strong><\/p>\n<p>Os interessados em participarem dos cursos oferecidos pela Prefeitura de Monteiro devem comparecer a sede da Secretaria de Desenvolvimento Social, localizada na Rua Professora Maria da Salete, 267 \u2013 Alto de S\u00e3o Vicente, portando os documentos de RG e cart\u00e3o do programa Bolsa Fam\u00edlia, de segunda a sexta-feira, das 07h:30 \u00e0s 13h:00 ou obterem informa\u00e7\u00f5es atrav\u00e9s do telefone 3351.1810.<\/p>\n<p><strong>CARIRI EM A\u00c7\u00c3O<\/strong><\/p>\n<p><em>Com Ascom\/Foto: Google\u00a0\u00a0 <\/em><\/p>\n<p><strong>Leia mais not\u00edcias em\u00a0<\/strong><a href=\"http:\/\/www.caririemacao.com\/\"><strong>caririemacao.com<\/strong><\/a><strong>, siga nossa p\u00e1gina no\u00a0<\/strong><a href=\"https:\/\/www.facebook.com\/CaririEmAcao\/?ref=aymt_homepage_panel\"><strong>Facebook<\/strong><\/a>,<strong>\u00a0<\/strong><a href=\"https:\/\/www.instagram.com\/cariri_em_acao\/?hl=pt-br\"><strong>Instagram<\/strong><\/a><strong>\u00a0e <\/strong><a href=\"https:\/\/www.youtube.com\/channel\/UCAptA0jQuYQy8vMhLt2m4qg\"><strong>Youtube<\/strong><\/a><strong>\u00a0e veja nossas mat\u00e9rias, v\u00eddeos e fotos. Voc\u00ea tamb\u00e9m pode enviar informa\u00e7\u00f5es \u00e0 Reda\u00e7\u00e3o do Portal Cariri em A\u00e7\u00e3o pelo WhatsApp (83) 9 9634.5791, (83) 9 9601-1162.<\/strong><\/p>\n","protected":false},"excerpt":{"rendered":"<p>Buscando sempre o desenvolvimento da popula\u00e7\u00e3o, consequentemente da cidade, a Prefeitura de Monteiro por meio da Secretaria de Desenvolvimento Social est\u00e1 elaborado um calend\u00e1rio para&hellip; <\/p>\n","protected":false},"author":2,"featured_media":21868,"comment_status":"closed","ping_status":"closed","sticky":false,"template":"","format":"standard","meta":{"sfsi_plus_gutenberg_text_before_share":"","sfsi_plus_gutenberg_show_text_before_share":"","sfsi_plus_gutenberg_icon_type":"","sfsi_plus_gutenberg_icon_alignemt":"","sfsi_plus_gutenburg_max_per_row":"","footnotes":""},"categories":[6],"tags":[],"class_list":["post-29328","post","type-post","status-publish","format-standard","has-post-thumbnail","hentry","category-cidades"],"_links":{"self":[{"href":"https:\/\/www.caririemacao.com\/1\/wp-json\/wp\/v2\/posts\/29328","targetHints":{"allow":["GET"]}}],"collection":[{"href":"https:\/\/www.caririemacao.com\/1\/wp-json\/wp\/v2\/posts"}],"about":[{"href":"https:\/\/www.caririemacao.com\/1\/wp-json\/wp\/v2\/types\/post"}],"author":[{"embeddable":true,"href":"https:\/\/www.caririemacao.com\/1\/wp-json\/wp\/v2\/users\/2"}],"replies":[{"embeddable":true,"href":"https:\/\/www.caririemacao.com\/1\/wp-json\/wp\/v2\/comments?post=29328"}],"version-history":[{"count":0,"href":"https:\/\/www.caririemacao.com\/1\/wp-json\/wp\/v2\/posts\/29328\/revisions"}],"wp:featuredmedia":[{"embeddable":true,"href":"https:\/\/www.caririemacao.com\/1\/wp-json\/wp\/v2\/media\/21868"}],"wp:attachment":[{"href":"https:\/\/www.caririemacao.com\/1\/wp-json\/wp\/v2\/media?parent=29328"}],"wp:term":[{"taxonomy":"category","embeddable":true,"href":"https:\/\/www.caririemacao.com\/1\/wp-json\/wp\/v2\/categories?post=29328"},{"taxonomy":"post_tag","embeddable":true,"href":"https:\/\/www.caririemacao.com\/1\/wp-json\/wp\/v2\/tags?post=29328"}],"curies":[{"name":"wp","href":"https:\/\/api.w.org\/{rel}","templated":true}]}}