{"id":29341,"date":"2017-09-24T11:24:02","date_gmt":"2017-09-24T14:24:02","guid":{"rendered":"http:\/\/caririemacao.com\/1\/?p=29341"},"modified":"2017-09-26T12:13:59","modified_gmt":"2017-09-26T15:13:59","slug":"denuncia-contra-temer-sera-lida-no-plenario-da-camara-nesta-segunda-feira","status":"publish","type":"post","link":"https:\/\/www.caririemacao.com\/1\/2017\/09\/24\/denuncia-contra-temer-sera-lida-no-plenario-da-camara-nesta-segunda-feira\/","title":{"rendered":"Den\u00fancia contra Temer ser\u00e1 lida no plen\u00e1rio da C\u00e2mara nesta segunda-feira"},"content":{"rendered":"<p>O presidente da C\u00e2mara, Rodrigo Maia (DEM-RJ), disse que vai come\u00e7ar a decidir sobre os pedidos de impeachment protocolados na Casa ap\u00f3s a aprecia\u00e7\u00e3o da segunda den\u00fancia contra o presidente Michel Temer. A pe\u00e7a de acusa\u00e7\u00e3o da Procuradoria-Geral da Rep\u00fablica ser\u00e1 lida nesta segunda-feira, 25, no plen\u00e1rio da C\u00e2mara. Para que a a\u00e7\u00e3o n\u00e3o prossiga no Supremo Tribunal Federal (STF), Temer precisa do apoio de 172 deputados.<\/p>\n<p>\u201cDepois da segunda den\u00fancia, eu vou come\u00e7ar a decidir pelos (pedidos de) impeachment\u201d, disse Maia, em entrevista gravada na sexta-feira e exibida na madrugada desta segunda-feira no programa Canal Livre, da TV Bandeirantes. \u201cAcho que as duas den\u00fancias s\u00e3o suficientes para tratar desse assunto, os (pedidos de) impeachment ser\u00e3o redund\u00e2ncia\u201d, afirmou. Para Maia, a den\u00fancia pode ter sua tramita\u00e7\u00e3o finalizada na C\u00e2mara em \u201ctr\u00eas, quatro semanas\u201d.<\/p>\n<p>O parlamentar avaliou que o presidente, por um lado, ter\u00e1 mais dificuldade para enfrentar a segunda den\u00fancia por causa da base aliada mais enfraquecida. Na primeira acusa\u00e7\u00e3o, a C\u00e2mara barrou o processo com o apoio de 263 deputados, em agosto. Por outro lado, segundo Maia, Temer poder\u00e1 se beneficiar dos problemas verificados na dela\u00e7\u00e3o da JBS. \u201cTalvez uma coisa possa neutralizar a outra\u201d, afirmou Maia.<\/p>\n<p>\u201cFacada\u201d.\u00a0A entrevista \u00e0 TV Bandeirantes foi dada no final da semana em que Maia veio a p\u00fablico reclamar que estava levando \u201cfacada nas costas\u201d do PMDB pelo ass\u00e9dio do partido sobre deputados do PSB que negociavam migra\u00e7\u00e3o para o DEM. Ao Canal Livre, no entanto, o presidente da C\u00e2mara declarou lealdade a Temer, ao afirmar que n\u00e3o conspira contra o presidente, que n\u00e3o \u00e9 pr\u00e9-candidato \u00e0 Presid\u00eancia e que trabalha com a hip\u00f3tese de o peemedebista concluir seu governo.<\/p>\n<p>O deputado afirmou tamb\u00e9m que n\u00e3o h\u00e1 \u201cclima\u201d para votar a reforma da Previd\u00eancia ap\u00f3s as den\u00fancias contra Temer.Maia voltou a afirmar que o governo tentou influenciar um \u201cenfraquecimento\u201d do DEM com a filia\u00e7\u00e3o do senador Fernando Bezerra Coelho (PE). O deputado citou a presen\u00e7a dos ministros Eliseu Padilha (Casa Civil) e Moreira Franco (Secretaria-Geral da Presid\u00eancia) na cerim\u00f4nia de filia\u00e7\u00e3o de Coelho. \u201cSe isso n\u00e3o \u00e9 participa\u00e7\u00e3o do governo com 3% de \u00f3timo e bom para tentar influenciar um enfraquecimento do DEM, eu n\u00e3o sei o que \u00e9.\u201d<\/p>\n<p>Maia disse que trouxe a situa\u00e7\u00e3o \u00e0 tona porque quer \u201cajudar\u201d o governo a superar os problemas e tocar a agenda de reformas no Congresso. \u201cO incidente est\u00e1 superado? Eu j\u00e1 coloquei o problema, s\u00f3 vai estar superado quando o PMDB entender que a prioridade do partido n\u00e3o deveria ser fortalecer o PMDB, deveria ser fortalecer o governo na situa\u00e7\u00e3o que o governo tem hoje\u201d, afirmou o presidente da C\u00e2mara. \u201cEu n\u00e3o estou distante do governo, a agenda do governo \u00e9 a minha agenda\u201d, enfatizou.<\/p>\n<p>Previd\u00eancia.\u00a0O deputado afirmou tamb\u00e9m que n\u00e3o h\u00e1 \u201cclima\u201d para votar a reforma da Previd\u00eancia ap\u00f3s as den\u00fancias contra Temer. \u201cA gente tinha 300 votos para votar antes da dela\u00e7\u00e3o da JBS. A gente tem voto, a gente n\u00e3o tem \u00e9 clima.\u201d Para aprovar a proposta, o governo precisa de pelo menos 308 apoios na C\u00e2mara. Maia disse que, hoje, o n\u00famero de parlamentares que votariam favor\u00e1veis \u00e0 medida \u00e9 de 150 a 200.<\/p>\n<p>A dificuldade de Temer na reforma da Previd\u00eancia, acrescentou Maia, aumenta por causa de \u201cequ\u00edvocos\u201d na articula\u00e7\u00e3o durante a primeira den\u00fancia. Ele citou a sinaliza\u00e7\u00e3o que Temer fez para a candidatura do prefeito de S\u00e3o Paulo, Jo\u00e3o Doria (PSDB), \u00e0 Presid\u00eancia da Rep\u00fablica em detrimento do governador de S\u00e3o Paulo, Geraldo Alckmin (PSDB).<\/p>\n<p><strong>CARIRI EM A\u00c7\u00c3O<\/strong><\/p>\n<p><em>Com Msn\/Foto: Google\u00a0\u00a0 <\/em><\/p>\n<p><strong>Leia mais not\u00edcias em\u00a0<\/strong><a href=\"http:\/\/www.caririemacao.com\/\"><strong>caririemacao.com<\/strong><\/a><strong>, siga nossa p\u00e1gina no\u00a0<\/strong><a href=\"https:\/\/www.facebook.com\/CaririEmAcao\/?ref=aymt_homepage_panel\"><strong>Facebook<\/strong><\/a>,<strong>\u00a0<\/strong><a href=\"https:\/\/www.instagram.com\/cariri_em_acao\/?hl=pt-br\"><strong>Instagram<\/strong><\/a><strong>\u00a0e <\/strong><a href=\"https:\/\/www.youtube.com\/channel\/UCAptA0jQuYQy8vMhLt2m4qg\"><strong>Youtube<\/strong><\/a><strong>\u00a0e veja nossas mat\u00e9rias, v\u00eddeos e fotos. Voc\u00ea tamb\u00e9m pode enviar informa\u00e7\u00f5es \u00e0 Reda\u00e7\u00e3o do Portal Cariri em A\u00e7\u00e3o pelo WhatsApp (83) 9 9634.5791, (83) 9 9601-1162.<\/strong><\/p>\n","protected":false},"excerpt":{"rendered":"<p>O presidente da C\u00e2mara, Rodrigo Maia (DEM-RJ), disse que vai come\u00e7ar a decidir sobre os pedidos de impeachment protocolados na Casa ap\u00f3s a aprecia\u00e7\u00e3o da&hellip; <\/p>\n","protected":false},"author":2,"featured_media":28506,"comment_status":"closed","ping_status":"closed","sticky":false,"template":"","format":"standard","meta":{"sfsi_plus_gutenberg_text_before_share":"","sfsi_plus_gutenberg_show_text_before_share":"","sfsi_plus_gutenberg_icon_type":"","sfsi_plus_gutenberg_icon_alignemt":"","sfsi_plus_gutenburg_max_per_row":"","footnotes":""},"categories":[11],"tags":[],"class_list":["post-29341","post","type-post","status-publish","format-standard","has-post-thumbnail","hentry","category-politica"],"_links":{"self":[{"href":"https:\/\/www.caririemacao.com\/1\/wp-json\/wp\/v2\/posts\/29341","targetHints":{"allow":["GET"]}}],"collection":[{"href":"https:\/\/www.caririemacao.com\/1\/wp-json\/wp\/v2\/posts"}],"about":[{"href":"https:\/\/www.caririemacao.com\/1\/wp-json\/wp\/v2\/types\/post"}],"author":[{"embeddable":true,"href":"https:\/\/www.caririemacao.com\/1\/wp-json\/wp\/v2\/users\/2"}],"replies":[{"embeddable":true,"href":"https:\/\/www.caririemacao.com\/1\/wp-json\/wp\/v2\/comments?post=29341"}],"version-history":[{"count":0,"href":"https:\/\/www.caririemacao.com\/1\/wp-json\/wp\/v2\/posts\/29341\/revisions"}],"wp:featuredmedia":[{"embeddable":true,"href":"https:\/\/www.caririemacao.com\/1\/wp-json\/wp\/v2\/media\/28506"}],"wp:attachment":[{"href":"https:\/\/www.caririemacao.com\/1\/wp-json\/wp\/v2\/media?parent=29341"}],"wp:term":[{"taxonomy":"category","embeddable":true,"href":"https:\/\/www.caririemacao.com\/1\/wp-json\/wp\/v2\/categories?post=29341"},{"taxonomy":"post_tag","embeddable":true,"href":"https:\/\/www.caririemacao.com\/1\/wp-json\/wp\/v2\/tags?post=29341"}],"curies":[{"name":"wp","href":"https:\/\/api.w.org\/{rel}","templated":true}]}}