{"id":293490,"date":"2024-12-03T08:30:03","date_gmt":"2024-12-03T11:30:03","guid":{"rendered":"https:\/\/www.caririemacao.com\/1\/?p=293490"},"modified":"2024-12-03T08:30:03","modified_gmt":"2024-12-03T11:30:03","slug":"prefeitura-da-prata-amplia-frota-com-nova-van-0-km","status":"publish","type":"post","link":"https:\/\/www.caririemacao.com\/1\/2024\/12\/03\/prefeitura-da-prata-amplia-frota-com-nova-van-0-km\/","title":{"rendered":"Prefeitura da Prata amplia frota com nova van 0 km"},"content":{"rendered":"<p>A Prefeitura da Prata anunciou, nesta ter\u00e7a -feira (3), a chegada de mais um ve\u00edculo para refor\u00e7ar a frota municipal. Trata-se de uma van 0 km com capacidade para 16 lugares, adquirida por meio de recursos do Governo do Estado, em uma a\u00e7\u00e3o liderada pelo governador Jo\u00e3o Azevedo.<\/p>\n<p>O novo ve\u00edculo, avaliado em R$ 320 mil, foi recebido pelo prefeito Genivaldo Temb\u00f3rio e contou com a presen\u00e7a da vereadora Adeilza e do secret\u00e1rio Rafael Arag\u00e3o. O prefeito destacou a import\u00e2ncia da aquisi\u00e7\u00e3o para melhorar os servi\u00e7os de transporte oferecidos \u00e0 popula\u00e7\u00e3o.<\/p>\n<p>\u201c\u00c9 mais um passo no fortalecimento da infraestrutura do nosso munic\u00edpio. Essa van ser\u00e1 utilizada para atender \u00e0s necessidades da comunidade, garantindo mais conforto e seguran\u00e7a no transporte de passageiros\u201d, afirmou o prefeito Genivaldo Temb\u00f3rio.<\/p>\n<p>A vereadora Adeilza tamb\u00e9m celebrou a conquista, ressaltando a parceria entre o munic\u00edpio e o Governo do Estado. \u201cEssa uni\u00e3o de esfor\u00e7os tem trazido grandes benef\u00edcios para nossa cidade, e a chegada desse ve\u00edculo \u00e9 mais uma prova de que estamos no caminho certo\u201d, destacou.<\/p>\n<p>Com a entrega do ve\u00edculo, a gest\u00e3o municipal reafirma o compromisso de investir em melhorias que impactem diretamente a qualidade de vida dos cidad\u00e3os de Prata.<\/p>\n<figure class=\"wp-block-gallery has-nested-images columns-default is-cropped wp-block-gallery-1 is-layout-flex wp-block-gallery-is-layout-flex\">\n<figure class=\"wp-block-image size-large\"><img fetchpriority=\"high\" decoding=\"async\" class=\"wp-image-3447 aligncenter\" src=\"https:\/\/blogdoandre.com.br\/wp-content\/uploads\/2024\/12\/240EA805-51E6-4034-9AF1-622BD1B1BDB2-819x1024.jpeg\" sizes=\"(max-width: 819px) 100vw, 819px\" srcset=\"https:\/\/blogdoandre.com.br\/wp-content\/uploads\/2024\/12\/240EA805-51E6-4034-9AF1-622BD1B1BDB2-819x1024.jpeg 819w, https:\/\/blogdoandre.com.br\/wp-content\/uploads\/2024\/12\/240EA805-51E6-4034-9AF1-622BD1B1BDB2-240x300.jpeg 240w, https:\/\/blogdoandre.com.br\/wp-content\/uploads\/2024\/12\/240EA805-51E6-4034-9AF1-622BD1B1BDB2-768x960.jpeg 768w, https:\/\/blogdoandre.com.br\/wp-content\/uploads\/2024\/12\/240EA805-51E6-4034-9AF1-622BD1B1BDB2.jpeg 828w\" alt=\"\" width=\"515\" height=\"644\" data-id=\"3447\" \/><\/figure>\n<\/figure>\n<p>&nbsp;<\/p>\n<p><strong>CARIRI EM A\u00c7\u00c3O<\/strong><\/p>\n<p><em>Com Blog do Andr\u00e9<\/em><\/p>\n","protected":false},"excerpt":{"rendered":"<p>A Prefeitura da Prata anunciou, nesta ter\u00e7a -feira (3), a chegada de mais um ve\u00edculo para refor\u00e7ar a frota municipal. Trata-se de uma van 0 km com capacidade para 16 lugares, adquirida por meio de recursos do Governo do Estado, em uma a\u00e7\u00e3o liderada pelo governador Jo\u00e3o Azevedo. O novo ve\u00edculo, avaliado em R$ 320 mil, foi recebido pelo prefeito Genivaldo Temb\u00f3rio e contou com a presen\u00e7a da vereadora Adeilza e do secret\u00e1rio Rafael Arag\u00e3o. O prefeito destacou a import\u00e2ncia da aquisi\u00e7\u00e3o para melhorar os servi\u00e7os de transporte oferecidos \u00e0 popula\u00e7\u00e3o. \u201c\u00c9 mais um passo no fortalecimento da infraestrutura do nosso munic\u00edpio. Essa van ser\u00e1 utilizada para atender \u00e0s necessidades da comunidade, garantindo mais conforto e seguran\u00e7a no transporte de passageiros\u201d, afirmou o prefeito Genivaldo Temb\u00f3rio. A vereadora Adeilza tamb\u00e9m celebrou a conquista, ressaltando a parceria entre o munic\u00edpio e o Governo do Estado. \u201cEssa uni\u00e3o de esfor\u00e7os tem trazido grandes benef\u00edcios para nossa cidade, e a chegada desse ve\u00edculo \u00e9 mais uma prova de que estamos no caminho certo\u201d, destacou. Com a entrega do ve\u00edculo, a gest\u00e3o municipal reafirma o compromisso de investir em melhorias que impactem diretamente a qualidade de vida dos cidad\u00e3os de Prata. &nbsp; CARIRI EM A\u00c7\u00c3O Com Blog do Andr\u00e9<\/p>\n","protected":false},"author":6,"featured_media":293491,"comment_status":"closed","ping_status":"closed","sticky":false,"template":"","format":"standard","meta":{"sfsi_plus_gutenberg_text_before_share":"","sfsi_plus_gutenberg_show_text_before_share":"","sfsi_plus_gutenberg_icon_type":"","sfsi_plus_gutenberg_icon_alignemt":"","sfsi_plus_gutenburg_max_per_row":"","footnotes":""},"categories":[50,85],"tags":[],"class_list":["post-293490","post","type-post","status-publish","format-standard","has-post-thumbnail","hentry","category-destaque","category-prata"],"_links":{"self":[{"href":"https:\/\/www.caririemacao.com\/1\/wp-json\/wp\/v2\/posts\/293490","targetHints":{"allow":["GET"]}}],"collection":[{"href":"https:\/\/www.caririemacao.com\/1\/wp-json\/wp\/v2\/posts"}],"about":[{"href":"https:\/\/www.caririemacao.com\/1\/wp-json\/wp\/v2\/types\/post"}],"author":[{"embeddable":true,"href":"https:\/\/www.caririemacao.com\/1\/wp-json\/wp\/v2\/users\/6"}],"replies":[{"embeddable":true,"href":"https:\/\/www.caririemacao.com\/1\/wp-json\/wp\/v2\/comments?post=293490"}],"version-history":[{"count":1,"href":"https:\/\/www.caririemacao.com\/1\/wp-json\/wp\/v2\/posts\/293490\/revisions"}],"predecessor-version":[{"id":293492,"href":"https:\/\/www.caririemacao.com\/1\/wp-json\/wp\/v2\/posts\/293490\/revisions\/293492"}],"wp:featuredmedia":[{"embeddable":true,"href":"https:\/\/www.caririemacao.com\/1\/wp-json\/wp\/v2\/media\/293491"}],"wp:attachment":[{"href":"https:\/\/www.caririemacao.com\/1\/wp-json\/wp\/v2\/media?parent=293490"}],"wp:term":[{"taxonomy":"category","embeddable":true,"href":"https:\/\/www.caririemacao.com\/1\/wp-json\/wp\/v2\/categories?post=293490"},{"taxonomy":"post_tag","embeddable":true,"href":"https:\/\/www.caririemacao.com\/1\/wp-json\/wp\/v2\/tags?post=293490"}],"curies":[{"name":"wp","href":"https:\/\/api.w.org\/{rel}","templated":true}]}}