{"id":293509,"date":"2024-12-03T12:04:08","date_gmt":"2024-12-03T15:04:08","guid":{"rendered":"https:\/\/www.caririemacao.com\/1\/?p=293509"},"modified":"2024-12-03T12:04:08","modified_gmt":"2024-12-03T15:04:08","slug":"dr-romualdo-anuncia-mais-quatro-ambulancias-para-o-cariri","status":"publish","type":"post","link":"https:\/\/www.caririemacao.com\/1\/2024\/12\/03\/dr-romualdo-anuncia-mais-quatro-ambulancias-para-o-cariri\/","title":{"rendered":"Dr. Romualdo anuncia mais quatro ambul\u00e2ncias para o Cariri"},"content":{"rendered":"<p>O m\u00e9dico caririzeiro Dr. Romualdo (MDB) usou suas redes sociais para anunciar mais quatro ambul\u00e2ncias para munic\u00edpios do Cariri paraibano. Barra De S\u00e3o Miguel, Camala\u00fa, S\u00e3o Sebasti\u00e3o do Umbuzeiro e S\u00e3o Jo\u00e3o do Tigre receber\u00e3o recursos de emendas do parlamentar para comprar os ve\u00edculos, uma ambul\u00e2ncia tipo SAMU j\u00e1 havia sido anunciada para Sum\u00e9 anteriormente.<\/p>\n<p>\u201cTemos tentado atuar em todos os munic\u00edpios do Cariri, nosso foco \u00e9 o povo. Al\u00e9m disso, temos como meta chegar com pelo menos uma ambul\u00e2ncia no m\u00e1ximo de cidades da nossa regi\u00e3o. Hoje anunciamos mais uma etapa nesse processo\u201d, pontuou o deputado do Cariri.<\/p>\n<p>J\u00e1 receberam ambul\u00e2ncias do parlamentar os munic\u00edpios de Serra Branca, Sum\u00e9, Tapero\u00e1 e Prata. A que seria destinada para o hospital de Monteiro foi transformada em equipamentos por solicita\u00e7\u00e3o do Governo do Estado. Nesse sentido, o Cariri j\u00e1 garantiu nove ambul\u00e2ncias em pouco mais de 2 anos de mandato do doutor.<\/p>\n","protected":false},"excerpt":{"rendered":"<p>O m\u00e9dico caririzeiro Dr. Romualdo (MDB) usou suas redes sociais para anunciar mais quatro ambul\u00e2ncias para munic\u00edpios do Cariri paraibano. Barra De S\u00e3o Miguel, Camala\u00fa, S\u00e3o Sebasti\u00e3o do Umbuzeiro e S\u00e3o Jo\u00e3o do Tigre receber\u00e3o recursos de emendas do parlamentar para comprar os ve\u00edculos, uma ambul\u00e2ncia tipo SAMU j\u00e1 havia sido anunciada para Sum\u00e9 anteriormente. \u201cTemos tentado atuar em todos os munic\u00edpios do Cariri, nosso foco \u00e9 o povo. Al\u00e9m disso, temos como meta chegar com pelo menos uma ambul\u00e2ncia no m\u00e1ximo de cidades da nossa regi\u00e3o. Hoje anunciamos mais uma etapa nesse processo\u201d, pontuou o deputado do Cariri. J\u00e1 receberam ambul\u00e2ncias do parlamentar os munic\u00edpios de Serra Branca, Sum\u00e9, Tapero\u00e1 e Prata. A que seria destinada para o hospital de Monteiro foi transformada em equipamentos por solicita\u00e7\u00e3o do Governo do Estado. Nesse sentido, o Cariri j\u00e1 garantiu nove ambul\u00e2ncias em pouco mais de 2 anos de mandato do doutor.<\/p>\n","protected":false},"author":6,"featured_media":293510,"comment_status":"closed","ping_status":"closed","sticky":false,"template":"","format":"standard","meta":{"sfsi_plus_gutenberg_text_before_share":"","sfsi_plus_gutenberg_show_text_before_share":"","sfsi_plus_gutenberg_icon_type":"","sfsi_plus_gutenberg_icon_alignemt":"","sfsi_plus_gutenburg_max_per_row":"","footnotes":""},"categories":[106,50],"tags":[],"class_list":["post-293509","post","type-post","status-publish","format-standard","has-post-thumbnail","hentry","category-cariri","category-destaque"],"_links":{"self":[{"href":"https:\/\/www.caririemacao.com\/1\/wp-json\/wp\/v2\/posts\/293509","targetHints":{"allow":["GET"]}}],"collection":[{"href":"https:\/\/www.caririemacao.com\/1\/wp-json\/wp\/v2\/posts"}],"about":[{"href":"https:\/\/www.caririemacao.com\/1\/wp-json\/wp\/v2\/types\/post"}],"author":[{"embeddable":true,"href":"https:\/\/www.caririemacao.com\/1\/wp-json\/wp\/v2\/users\/6"}],"replies":[{"embeddable":true,"href":"https:\/\/www.caririemacao.com\/1\/wp-json\/wp\/v2\/comments?post=293509"}],"version-history":[{"count":1,"href":"https:\/\/www.caririemacao.com\/1\/wp-json\/wp\/v2\/posts\/293509\/revisions"}],"predecessor-version":[{"id":293511,"href":"https:\/\/www.caririemacao.com\/1\/wp-json\/wp\/v2\/posts\/293509\/revisions\/293511"}],"wp:featuredmedia":[{"embeddable":true,"href":"https:\/\/www.caririemacao.com\/1\/wp-json\/wp\/v2\/media\/293510"}],"wp:attachment":[{"href":"https:\/\/www.caririemacao.com\/1\/wp-json\/wp\/v2\/media?parent=293509"}],"wp:term":[{"taxonomy":"category","embeddable":true,"href":"https:\/\/www.caririemacao.com\/1\/wp-json\/wp\/v2\/categories?post=293509"},{"taxonomy":"post_tag","embeddable":true,"href":"https:\/\/www.caririemacao.com\/1\/wp-json\/wp\/v2\/tags?post=293509"}],"curies":[{"name":"wp","href":"https:\/\/api.w.org\/{rel}","templated":true}]}}