{"id":293512,"date":"2024-12-03T13:23:00","date_gmt":"2024-12-03T16:23:00","guid":{"rendered":"https:\/\/www.caririemacao.com\/1\/?p=293512"},"modified":"2024-12-03T13:23:00","modified_gmt":"2024-12-03T16:23:00","slug":"joao-azevedo-diz-que-policiais-militares-da-paraiba-devem-usar-cameras-em-fardas-em-breve","status":"publish","type":"post","link":"https:\/\/www.caririemacao.com\/1\/2024\/12\/03\/joao-azevedo-diz-que-policiais-militares-da-paraiba-devem-usar-cameras-em-fardas-em-breve\/","title":{"rendered":"Jo\u00e3o Azev\u00eado diz que policiais militares da Para\u00edba devem usar c\u00e2meras em fardas em breve"},"content":{"rendered":"<p>O governador da Para\u00edba, Jo\u00e3o Azev\u00eado (PSB), afirmou, nesta ter\u00e7a-feira (3), que os policiais militares da Para\u00edba ter\u00e3o c\u00e2meras instaladas nos fardamento em breve. A informa\u00e7\u00e3o foi divulgada durante uma coletiva na cerim\u00f4nia de entrega de novas viaturas para as for\u00e7as de seguran\u00e7a do estado.<\/p>\n<p>\u201cSim, esse \u00e9 um processo constante de aquisi\u00e7\u00e3o. N\u00f3s fazemos, periodicamente, entregas de novos equipamentos. Entregamos recentemente armamentos, agora ve\u00edculos e brevemente teremos mais equipamentos sendo entregues\u201d, afirmou quando perguntado sobre a implanta\u00e7\u00e3o das c\u00e2meras.<\/p>\n<p>\u201cEsse \u00e9 um processo que acontece naturalmente. Vamos ampliar logicamente. A tend\u00eancia \u00e9 que todos os policiais tenham na hora de qualquer a\u00e7\u00e3o c\u00e2meras gravando\u201d, completou.<\/p>\n<p>&nbsp;<\/p>\n<p><em>Com Blog do Maur\u00edlio J\u00fanior<\/em><\/p>\n","protected":false},"excerpt":{"rendered":"<p>O governador da Para\u00edba, Jo\u00e3o Azev\u00eado (PSB), afirmou, nesta ter\u00e7a-feira (3), que os policiais militares da Para\u00edba ter\u00e3o c\u00e2meras instaladas nos fardamento em breve. A informa\u00e7\u00e3o foi divulgada durante uma coletiva na cerim\u00f4nia de entrega de novas viaturas para as for\u00e7as de seguran\u00e7a do estado. \u201cSim, esse \u00e9 um processo constante de aquisi\u00e7\u00e3o. N\u00f3s fazemos, periodicamente, entregas de novos equipamentos. Entregamos recentemente armamentos, agora ve\u00edculos e brevemente teremos mais equipamentos sendo entregues\u201d, afirmou quando perguntado sobre a implanta\u00e7\u00e3o das c\u00e2meras. \u201cEsse \u00e9 um processo que acontece naturalmente. Vamos ampliar logicamente. A tend\u00eancia \u00e9 que todos os policiais tenham na hora de qualquer a\u00e7\u00e3o c\u00e2meras gravando\u201d, completou. &nbsp; Com Blog do Maur\u00edlio J\u00fanior<\/p>\n","protected":false},"author":6,"featured_media":272308,"comment_status":"closed","ping_status":"closed","sticky":false,"template":"","format":"standard","meta":{"sfsi_plus_gutenberg_text_before_share":"","sfsi_plus_gutenberg_show_text_before_share":"","sfsi_plus_gutenberg_icon_type":"","sfsi_plus_gutenberg_icon_alignemt":"","sfsi_plus_gutenburg_max_per_row":"","footnotes":""},"categories":[50,104],"tags":[],"class_list":["post-293512","post","type-post","status-publish","format-standard","has-post-thumbnail","hentry","category-destaque","category-paraiba"],"_links":{"self":[{"href":"https:\/\/www.caririemacao.com\/1\/wp-json\/wp\/v2\/posts\/293512","targetHints":{"allow":["GET"]}}],"collection":[{"href":"https:\/\/www.caririemacao.com\/1\/wp-json\/wp\/v2\/posts"}],"about":[{"href":"https:\/\/www.caririemacao.com\/1\/wp-json\/wp\/v2\/types\/post"}],"author":[{"embeddable":true,"href":"https:\/\/www.caririemacao.com\/1\/wp-json\/wp\/v2\/users\/6"}],"replies":[{"embeddable":true,"href":"https:\/\/www.caririemacao.com\/1\/wp-json\/wp\/v2\/comments?post=293512"}],"version-history":[{"count":1,"href":"https:\/\/www.caririemacao.com\/1\/wp-json\/wp\/v2\/posts\/293512\/revisions"}],"predecessor-version":[{"id":293513,"href":"https:\/\/www.caririemacao.com\/1\/wp-json\/wp\/v2\/posts\/293512\/revisions\/293513"}],"wp:featuredmedia":[{"embeddable":true,"href":"https:\/\/www.caririemacao.com\/1\/wp-json\/wp\/v2\/media\/272308"}],"wp:attachment":[{"href":"https:\/\/www.caririemacao.com\/1\/wp-json\/wp\/v2\/media?parent=293512"}],"wp:term":[{"taxonomy":"category","embeddable":true,"href":"https:\/\/www.caririemacao.com\/1\/wp-json\/wp\/v2\/categories?post=293512"},{"taxonomy":"post_tag","embeddable":true,"href":"https:\/\/www.caririemacao.com\/1\/wp-json\/wp\/v2\/tags?post=293512"}],"curies":[{"name":"wp","href":"https:\/\/api.w.org\/{rel}","templated":true}]}}