{"id":293709,"date":"2024-12-08T12:18:51","date_gmt":"2024-12-08T15:18:51","guid":{"rendered":"https:\/\/www.caririemacao.com\/1\/?p=293709"},"modified":"2024-12-08T12:18:51","modified_gmt":"2024-12-08T15:18:51","slug":"homem-e-morto-a-tiros-em-sao-joao-do-tigre-policia-investiga-o-crime","status":"publish","type":"post","link":"https:\/\/www.caririemacao.com\/1\/2024\/12\/08\/homem-e-morto-a-tiros-em-sao-joao-do-tigre-policia-investiga-o-crime\/","title":{"rendered":"Homem \u00e9 morto a tiros em S\u00e3o Jo\u00e3o do Tigre: Pol\u00edcia investiga o crime"},"content":{"rendered":"<p>Neste domingo, um crime brutal abalou a tranquilidade do munic\u00edpio de S\u00e3o Jo\u00e3o do Tigre, localizado no Cariri Paraibano. Um homem, identificado como Regi, foi morto a tiros na zona rural da cidade, em uma regi\u00e3o conhecida como S\u00edtio Cacimba Nova.<\/p>\n<p>De acordo com as primeiras informa\u00e7\u00f5es obtidas, Regis foi v\u00edtima de disparos de arma de fogo, mas ainda n\u00e3o existem dados concretos sobre as circunst\u00e2ncias que levaram ao crime. A pol\u00edcia segue em busca de pistas para entender o que motivou o assassinato e, principalmente, identificar quem seria o respons\u00e1vel pelos disparos.<\/p>\n<p>As autoridades locais foram acionadas e iniciaram uma investiga\u00e7\u00e3o para apurar os fatos. N\u00e3o havia mais informa\u00e7\u00f5es dispon\u00edveis sobre poss\u00edveis suspeitos ou o que teria motivado o crime.<\/p>\n<p>&nbsp;<\/p>\n<p><strong>CARIRI EM A\u00c7\u00c3O<\/strong><\/p>\n<p><em>Com O pipoco<\/em><\/p>\n","protected":false},"excerpt":{"rendered":"<p>Neste domingo, um crime brutal abalou a tranquilidade do munic\u00edpio de S\u00e3o Jo\u00e3o do Tigre, localizado no Cariri Paraibano. Um homem, identificado como Regi, foi morto a tiros na zona rural da cidade, em uma regi\u00e3o conhecida como S\u00edtio Cacimba Nova. De acordo com as primeiras informa\u00e7\u00f5es obtidas, Regis foi v\u00edtima de disparos de arma de fogo, mas ainda n\u00e3o existem dados concretos sobre as circunst\u00e2ncias que levaram ao crime. A pol\u00edcia segue em busca de pistas para entender o que motivou o assassinato e, principalmente, identificar quem seria o respons\u00e1vel pelos disparos. As autoridades locais foram acionadas e iniciaram uma investiga\u00e7\u00e3o para apurar os fatos. N\u00e3o havia mais informa\u00e7\u00f5es dispon\u00edveis sobre poss\u00edveis suspeitos ou o que teria motivado o crime. &nbsp; CARIRI EM A\u00c7\u00c3O Com O pipoco<\/p>\n","protected":false},"author":6,"featured_media":293710,"comment_status":"closed","ping_status":"closed","sticky":false,"template":"","format":"standard","meta":{"sfsi_plus_gutenberg_text_before_share":"","sfsi_plus_gutenberg_show_text_before_share":"","sfsi_plus_gutenberg_icon_type":"","sfsi_plus_gutenberg_icon_alignemt":"","sfsi_plus_gutenburg_max_per_row":"","footnotes":""},"categories":[50,89],"tags":[],"class_list":["post-293709","post","type-post","status-publish","format-standard","has-post-thumbnail","hentry","category-destaque","category-sao-joao-do-tigre"],"_links":{"self":[{"href":"https:\/\/www.caririemacao.com\/1\/wp-json\/wp\/v2\/posts\/293709","targetHints":{"allow":["GET"]}}],"collection":[{"href":"https:\/\/www.caririemacao.com\/1\/wp-json\/wp\/v2\/posts"}],"about":[{"href":"https:\/\/www.caririemacao.com\/1\/wp-json\/wp\/v2\/types\/post"}],"author":[{"embeddable":true,"href":"https:\/\/www.caririemacao.com\/1\/wp-json\/wp\/v2\/users\/6"}],"replies":[{"embeddable":true,"href":"https:\/\/www.caririemacao.com\/1\/wp-json\/wp\/v2\/comments?post=293709"}],"version-history":[{"count":1,"href":"https:\/\/www.caririemacao.com\/1\/wp-json\/wp\/v2\/posts\/293709\/revisions"}],"predecessor-version":[{"id":293711,"href":"https:\/\/www.caririemacao.com\/1\/wp-json\/wp\/v2\/posts\/293709\/revisions\/293711"}],"wp:featuredmedia":[{"embeddable":true,"href":"https:\/\/www.caririemacao.com\/1\/wp-json\/wp\/v2\/media\/293710"}],"wp:attachment":[{"href":"https:\/\/www.caririemacao.com\/1\/wp-json\/wp\/v2\/media?parent=293709"}],"wp:term":[{"taxonomy":"category","embeddable":true,"href":"https:\/\/www.caririemacao.com\/1\/wp-json\/wp\/v2\/categories?post=293709"},{"taxonomy":"post_tag","embeddable":true,"href":"https:\/\/www.caririemacao.com\/1\/wp-json\/wp\/v2\/tags?post=293709"}],"curies":[{"name":"wp","href":"https:\/\/api.w.org\/{rel}","templated":true}]}}