{"id":29376,"date":"2017-09-25T23:55:35","date_gmt":"2017-09-26T02:55:35","guid":{"rendered":"http:\/\/caririemacao.com\/1\/?p=29376"},"modified":"2017-09-25T23:55:35","modified_gmt":"2017-09-26T02:55:35","slug":"feira-do-empreendedor-incrementa-o-turismo-no-sertao-paraibano","status":"publish","type":"post","link":"https:\/\/www.caririemacao.com\/1\/2017\/09\/25\/feira-do-empreendedor-incrementa-o-turismo-no-sertao-paraibano\/","title":{"rendered":"Feira do Empreendedor incrementa o Turismo no Sert\u00e3o paraibano"},"content":{"rendered":"<p class=\"m_7570860238371244263Normal1\" style=\"text-align: left;\" align=\"center\">Maior evento de empreendedorismo que o Sebrae realiza no Estado come\u00e7a no dia 5 e vai at\u00e9 o dia 8 de outubro, mas a rede hoteleira e de restaurantes j\u00e1 est\u00e1 aquecida<u><\/u><u><\/u><\/p>\n<p class=\"m_7570860238371244263Normal1\">Com uma expectativa de atrair 10 mil participantes, a Feira do Empreendedor realizada pelo Sebrae Para\u00edba tem aquecido o turismo em Patos, maior munic\u00edpio do Sert\u00e3o paraibano. Os hot\u00e9is, de acordo com dados do Procon local, j\u00e1 est\u00e3o com 100% de ocupa\u00e7\u00e3o at\u00e9 a realiza\u00e7\u00e3o do evento, que ir\u00e1 ocorrer entre os dias 5 e 8 de outubro. J\u00e1 o segmento da alimenta\u00e7\u00e3o, tamb\u00e9m de acordo com o \u00f3rg\u00e3o, tem se diversificado, oferecendo op\u00e7\u00f5es que v\u00e3o al\u00e9m da culin\u00e1ria regional, como a gastronomia portuguesa e japonesa.<u><\/u><u><\/u><\/p>\n<p class=\"m_7570860238371244263Normal1\">Al\u00e9m da Feira, outras atividades que j\u00e1 est\u00e3o em andamento tamb\u00e9m movimentam o turismo na regi\u00e3o, como \u00e9 o caso do Pedal do Empreendedor que ir\u00e1 acontecer no domingo (1\u00ba) anterior ao evento. Os interessados devem chegar \u00e0 ag\u00eancia do Sebrae em Patos, no Rodoshopping Edvaldo Motta, a partir das 6h, para o caf\u00e9 da manh\u00e3 e, \u00e0s 7h, todos saem de bike pelas ruas da cidade, reunindo cerca de 100 participantes.<u><\/u><u><\/u><\/p>\n<p class=\"m_7570860238371244263Normal1\">O trade tur\u00edstico da cidade \u00e9 atendido pelas cadeias produtivas de hospedagem e alimenta\u00e7\u00e3o, que somam mais de 415 empreendimentos. No setor de alimenta\u00e7\u00e3o, de acordo com a Classifica\u00e7\u00e3o Nacional de Atividades Econ\u00f4micas (CNAE) da Receita Federal, est\u00e3o cadastrados 400 microempreendedores individuais (MEIs), microempresas e empresas de pequeno porte no segmento em Patos. O Sebrae levanta, atrav\u00e9s do projeto de Alimenta\u00e7\u00e3o Fora do Lar, novos dados, como empregos e quanto rende anualmente. J\u00e1 o setor de hospedagem, que tamb\u00e9m est\u00e1 crescente, possui atualmente 15 empreendimentos.<u><\/u><u><\/u><\/p>\n<p class=\"m_7570860238371244263Normal1\">Segundo o gestor do projeto de Alimenta\u00e7\u00e3o Fora do Lar, Ferdinando F\u00e9lix, a gastronomia em Patos \u00e9 predominantemente regional, com a carne de bode ou de sol em primeiro lugar no card\u00e1pio, acompanhados do arroz de leite e do feij\u00e3o verde com manteiga da terra. Outras culin\u00e1rias, no entanto, fazem parte da cidade, de acordo com o coordenador do Procon, Bruno Maia, como a portuguesa. O\u00a0<b><a href=\"https:\/\/www.facebook.com\/O-Lusitano-644161195783098\/?ref=py_c\" target=\"_blank\" rel=\"noopener\" data-saferedirecturl=\"https:\/\/www.google.com\/url?hl=pt-BR&amp;q=https:\/\/www.facebook.com\/O-Lusitano-644161195783098\/?ref%3Dpy_c&amp;source=gmail&amp;ust=1506480580704000&amp;usg=AFQjCNGXb_WEjZ2-QffI0Gv1yV9f7Vo6DA\">restaurante Lusitano<\/a><\/b>, com gastronomia e donos portugueses, apresenta frutose peixes do mar, como bacalhau, corvina, atum e polvo e se instalou na cidade este ano.<u><\/u><u><\/u><\/p>\n<p class=\"m_7570860238371244263Normal1\">O Procon de Patos realizou uma pesquisa com 48 restaurantes, a maioria do tipo self service. Conforme a pesquisa, novos restaurantes est\u00e3o se instalando, com destaque para tr\u00eas japoneses, um deles com o prato executivo por R$ 10,90. Restaurantes populares ficam no mercado central e praticam o pre\u00e7o de at\u00e9 R$ 8 no mesmo prato.<\/p>\n<p class=\"m_7570860238371244263Normal1\">J\u00e1 a movimenta\u00e7\u00e3o na rede hoteleira de Patos ocorre tamb\u00e9m por estar ampliada e diversificada, com indica\u00e7\u00f5es de hospedagem de todos os tipos, do leito urbano ao rural. A rede Nord est\u00e1 se adaptando \u00e0 Para\u00edba desde o in\u00edcio deste ano e j\u00e1 est\u00e1 em Patos com o maior hotel que a cidade j\u00e1 teve, com 100 leitos. O propriet\u00e1rio do estabelecimento \u00e9 Kl\u00e9ber de Ara\u00fajo Leit\u00e3o. Ele inaugurou o novo hotel em maio deste ano e est\u00e1 conseguindo manter uma ocupa\u00e7\u00e3o de 80% dos quartos at\u00e9 setembro, m\u00eas em que o hotel lotou. De acordo com o gerente do hotel, Jos\u00e9 Segundo, o Sebrae foi parceiro desde o planejamento, nas consultorias para a instala\u00e7\u00e3o do Nord na cidade.<\/p>\n<p class=\"m_7570860238371244263Normal1\"><b>Projeto \u2013\u00a0<\/b>De acordo com o gestor do projeto de Alimenta\u00e7\u00e3o Fora do Lar, Ferdinando F\u00e9lix, o segmento de alimenta\u00e7\u00e3o, que atualmente est\u00e1 em constante crescimento, passa por uma fase de transforma\u00e7\u00e3o. Por meio de orienta\u00e7\u00f5es do Sebrae, o setor trabalha para ser um mercado onde a governan\u00e7a, a uni\u00e3o entre os empreendedores e a consolida\u00e7\u00e3o da cadeia produtiva lideram as a\u00e7\u00f5es. Segundo ele, com a chegada dos novos empreendedores, os tradicionais est\u00e3o procurando mais o Sebrae. \u201cA inova\u00e7\u00e3o \u00e9 o principal ponto a ser trabalhado, al\u00e9m de retra\u00e7ar as estrat\u00e9gias de atua\u00e7\u00e3o desses empreendimentos no mercado local\u201d, pontua. A meta do projeto \u00e9 atender 50 empresas at\u00e9 2018 com consultorias, capacita\u00e7\u00f5es, orienta\u00e7\u00f5es t\u00e9cnicas, acesso ao mercado e governan\u00e7a, com representantes locais para trabalhar em conjunto.<\/p>\n<p class=\"m_7570860238371244263Normal1\"><a name=\"m_7570860238371244263__GoBack\"><\/a><b>Rural \u2013<\/b>\u00a0Uma das atividades que traz neg\u00f3cios e pessoas para o interior e que causam relevantes diferenciais na economia, no social e na cultura, \u00e9 o Turismo Rural. O Sebrae trabalha esse Turismo, o Sustent\u00e1vel e o de Experi\u00eancia, com a\u00e7\u00f5es permanentes e flutuantes, nas seis microrregi\u00f5es do Estado. Em Patos e regi\u00e3o, o visitante pode aproveitar eventos e passeios na natureza do Sert\u00e3o. O Festival do Voo Livre e o Casar\u00e3o do Jabre, na cidade de Matur\u00e9ia, a Ecopousada, que leva grupos ao Pico do Jabre, em Patos, o mais alto da Para\u00edba, e os grupos de rapel, garantem lugares de beleza exuberante. O turista pode pedir essas informa\u00e7\u00f5es e contatos no Sebrae em Patos, segundo a analista t\u00e9cnica, S\u00f4nia Martins.<u><\/u><u><\/u><\/p>\n<p class=\"m_7570860238371244263Normal1\"><b>Feira \u2013\u00a0<\/b>A maior incid\u00eancia nas hospedagens e nos restaurantes de novos visitantes, de acordo com os entrevistados, \u00e9 por causa da Feira do Empreendedor. O evento atrair\u00e1 muitos visitantes porque mobiliza todas as 11 ag\u00eancias. A edi\u00e7\u00e3o 2017 ofertar\u00e1 mais de quatro mil vagas gratuitas em capacita\u00e7\u00f5es, fora encontros, maratona universit\u00e1ria, Hackaton e outros 10 eventos paralelos. A Feira \u00e9 itinerante, realizada pelo Sebrae Nacional a 15 anos e h\u00e1 seis anos na Para\u00edba.<u><\/u><u><\/u><\/p>\n<p class=\"m_7570860238371244263Normal1\"><b>Servi\u00e7o<u><\/u><u><\/u><\/b><\/p>\n<p class=\"m_7570860238371244263Normal1\"><b>Evento:\u00a0<\/b>Feira do Empreendedor 2017<u><\/u><u><\/u><\/p>\n<p class=\"m_7570860238371244263Normal1\"><b>Data:\u00a0<\/b>Da quinta-feira (5) ao domingo (8 de outubro)<u><\/u><u><\/u><\/p>\n<p class=\"m_7570860238371244263Normal1\"><b>Hora:\u00a0<\/b>A partir das 8h30<u><\/u><u><\/u><\/p>\n<p class=\"m_7570860238371244263Normal1\"><b>Local:\u00a0<\/b>Sebrae \u2013 Rodoshopping Edvaldo Motta, Av. Dr. Pedro Firmino, lateral BR 230, Patos<\/p>\n<p><strong>CARIRI EM A\u00c7\u00c3O<\/strong><\/p>\n<p><em>Com Ascom\/Foto:Google\u00a0\u00a0 <\/em><\/p>\n<p><strong>Leia mais not\u00edcias em\u00a0<\/strong><a href=\"http:\/\/www.caririemacao.com\/\"><strong>caririemacao.com<\/strong><\/a><strong>, siga nossa p\u00e1gina no\u00a0<\/strong><a href=\"https:\/\/www.facebook.com\/CaririEmAcao\/?ref=aymt_homepage_panel\"><strong>Facebook<\/strong><\/a>,<strong>\u00a0<\/strong><a href=\"https:\/\/www.instagram.com\/cariri_em_acao\/?hl=pt-br\"><strong>Instagram<\/strong><\/a><strong>\u00a0e <\/strong><a href=\"https:\/\/www.youtube.com\/channel\/UCAptA0jQuYQy8vMhLt2m4qg\"><strong>Youtube<\/strong><\/a><strong>\u00a0e veja nossas mat\u00e9rias, v\u00eddeos e fotos. Voc\u00ea tamb\u00e9m pode enviar informa\u00e7\u00f5es \u00e0 Reda\u00e7\u00e3o do Portal Cariri em A\u00e7\u00e3o pelo WhatsApp (83) 9 9634.5791, (83) 9 9601-1162.<\/strong><\/p>\n","protected":false},"excerpt":{"rendered":"<p>Maior evento de empreendedorismo que o Sebrae realiza no Estado come\u00e7a no dia 5 e vai at\u00e9 o dia 8 de outubro, mas a rede&hellip; <\/p>\n","protected":false},"author":2,"featured_media":29377,"comment_status":"closed","ping_status":"closed","sticky":false,"template":"","format":"standard","meta":{"sfsi_plus_gutenberg_text_before_share":"","sfsi_plus_gutenberg_show_text_before_share":"","sfsi_plus_gutenberg_icon_type":"","sfsi_plus_gutenberg_icon_alignemt":"","sfsi_plus_gutenburg_max_per_row":"","footnotes":""},"categories":[2],"tags":[],"class_list":["post-29376","post","type-post","status-publish","format-standard","has-post-thumbnail","hentry","category-geral"],"_links":{"self":[{"href":"https:\/\/www.caririemacao.com\/1\/wp-json\/wp\/v2\/posts\/29376","targetHints":{"allow":["GET"]}}],"collection":[{"href":"https:\/\/www.caririemacao.com\/1\/wp-json\/wp\/v2\/posts"}],"about":[{"href":"https:\/\/www.caririemacao.com\/1\/wp-json\/wp\/v2\/types\/post"}],"author":[{"embeddable":true,"href":"https:\/\/www.caririemacao.com\/1\/wp-json\/wp\/v2\/users\/2"}],"replies":[{"embeddable":true,"href":"https:\/\/www.caririemacao.com\/1\/wp-json\/wp\/v2\/comments?post=29376"}],"version-history":[{"count":0,"href":"https:\/\/www.caririemacao.com\/1\/wp-json\/wp\/v2\/posts\/29376\/revisions"}],"wp:featuredmedia":[{"embeddable":true,"href":"https:\/\/www.caririemacao.com\/1\/wp-json\/wp\/v2\/media\/29377"}],"wp:attachment":[{"href":"https:\/\/www.caririemacao.com\/1\/wp-json\/wp\/v2\/media?parent=29376"}],"wp:term":[{"taxonomy":"category","embeddable":true,"href":"https:\/\/www.caririemacao.com\/1\/wp-json\/wp\/v2\/categories?post=29376"},{"taxonomy":"post_tag","embeddable":true,"href":"https:\/\/www.caririemacao.com\/1\/wp-json\/wp\/v2\/tags?post=29376"}],"curies":[{"name":"wp","href":"https:\/\/api.w.org\/{rel}","templated":true}]}}