{"id":29380,"date":"2017-09-26T10:04:40","date_gmt":"2017-09-26T13:04:40","guid":{"rendered":"http:\/\/caririemacao.com\/1\/?p=29380"},"modified":"2017-09-26T14:52:13","modified_gmt":"2017-09-26T17:52:13","slug":"santo-andre-realiza-audiencia-do-orcamento-participativo-municipal","status":"publish","type":"post","link":"https:\/\/www.caririemacao.com\/1\/2017\/09\/26\/santo-andre-realiza-audiencia-do-orcamento-participativo-municipal\/","title":{"rendered":"Santo Andr\u00e9 realiza audi\u00eancia do Or\u00e7amento Participativo Municipal"},"content":{"rendered":"<p>Na noite desta segunda-feira (25), os santoandreenses participaram da Audi\u00eancia P\u00fablica do Or\u00e7amento Participativo Municipal, realizado pela Prefeitura de Santo Andr\u00e9, no Clube Municipal.<\/p>\n<p>A audi\u00eancia serviu para que as pessoas sugerissem a Gest\u00e3o Municipal quais as demandas priorit\u00e1rias para o munic\u00edpio no pr\u00f3ximo ano.<\/p>\n<p>O encontro democr\u00e1tico contou com a presen\u00e7a da prefeita de Santo Andr\u00e9, Silvana Marinho, do vice-prefeito Arimateia Porto, secret\u00e1rios, vereadores e da sociedade civil organizada.<\/p>\n<p>Depois da participa\u00e7\u00e3o da popula\u00e7\u00e3o que deixou suas sugest\u00f5es para melhorar a Gest\u00e3o Municipal, a prefeita Silvana fez um balan\u00e7o das audi\u00eancias p\u00fablicas realizadas desde o dia 11 deste m\u00eas, onde foram iniciados os encontros na zona rural.<\/p>\n<p>A prefeita ainda parabenizou a popula\u00e7\u00e3o por ter participado de forma expressiva das audi\u00eancias e disse que as demandas ser\u00e3o acolhidas e encaminhadas para o Poder Legislativo. Ela destacou que no pr\u00f3ximo ano j\u00e1 poder\u00e1 implantar um sistema por meio de c\u00e2meras para monitorar as principais vias da cidade, dando seguran\u00e7a as pessoas e melhorando as a\u00e7\u00f5es policiais, caso necessite. Outro ponto abordado pela gestora foi \u00e0 amplia\u00e7\u00e3o do sangradouro do A\u00e7ude do Pau Ca\u00eddo.<\/p>\n<p>\u201cEstas audi\u00eancias \u00e9 uma forma de aumentar a sintonia entre o poder p\u00fablico e a popula\u00e7\u00e3o. Tudo o que \u00e9 dito pelas comunidades durante as audi\u00eancias foram anotadas e ser\u00e3o encaminhadas para a C\u00e2mara Municipal\u201d, destacou.<\/p>\n<p><strong><a href=\"https:\/\/www.facebook.com\/pg\/CaririEmAcao\/photos\/?tab=album&amp;album_id=1102168933252462\" target=\"_blank\" rel=\"noopener\">Clique aqui e veja todas as fotos<\/a>.<\/strong><\/p>\n<p><div class=\"ose- ose-uid-4d5b1183e4f26f5214042f80f492c1db ose-embedpress-responsive\" style=\"width:600px; height:550px; max-height:550px; max-width:100%; display:inline-block;\" data-embed-type=\"Facebook\"><iframe allowFullScreen=\"true\" class=\"embera-facebook-iframe-8dd08 lazyload\" data-src=\"https:\/\/www.facebook.com\/plugins\/post.php?href=https%3A%2F%2Fwww.facebook.com%2Fmedia%2Fset%2F%3Fset%3Da.1102168933252462.1073742575.302749469861083%26%23038%3Btype%3D1%26%23038%3Bl%3D4fd1494aa2&width=600&height=550&show_text=true\" width=\"600\" height=\"550\" style=\"border:none;overflow:hidden\" scrolling=\"no\" frameborder=\"0\" allowTransparency=\"true\" src=\"data:image\/svg+xml;base64,PHN2ZyB3aWR0aD0iMSIgaGVpZ2h0PSIxIiB4bWxucz0iaHR0cDovL3d3dy53My5vcmcvMjAwMC9zdmciPjwvc3ZnPg==\" data-load-mode=\"1\"><\/iframe><\/div><\/p>\n<p><strong><a href=\"https:\/\/www.facebook.com\/pg\/CaririEmAcao\/photos\/?tab=album&amp;album_id=1102168933252462\" target=\"_blank\" rel=\"noopener\">Clique aqui e veja todas as fotos<\/a>.<\/strong><\/p>\n<p><strong>CARIRI EM A\u00c7\u00c3O<\/strong><\/p>\n<p><strong>Leia mais not\u00edcias em\u00a0<\/strong><a href=\"http:\/\/www.caririemacao.com\/\"><strong>caririemacao.com<\/strong><\/a><strong>, siga nossa p\u00e1gina no\u00a0<\/strong><a href=\"https:\/\/www.facebook.com\/CaririEmAcao\/?ref=aymt_homepage_panel\"><strong>Facebook<\/strong><\/a>,<strong>\u00a0<a href=\"https:\/\/www.instagram.com\/cariri_em_acao\/?hl=pt-br\">Instagram<\/a>\u00a0e <\/strong><a href=\"https:\/\/www.youtube.com\/channel\/UCAptA0jQuYQy8vMhLt2m4qg\"><strong>Youtube<\/strong><\/a><strong>\u00a0e veja nossas mat\u00e9rias, v\u00eddeos e fotos. Voc\u00ea tamb\u00e9m pode enviar informa\u00e7\u00f5es \u00e0 Reda\u00e7\u00e3o do Portal Cariri em A\u00e7\u00e3o pelo WhatsApp (83) 9 9634.5791, (83) 9 9601-1162.<\/strong><\/p>\n","protected":false},"excerpt":{"rendered":"<p>Na noite desta segunda-feira (25), os santoandreenses participaram da Audi\u00eancia P\u00fablica do Or\u00e7amento Participativo Municipal, realizado pela Prefeitura de Santo Andr\u00e9, no Clube Municipal. A&hellip; <\/p>\n","protected":false},"author":2,"featured_media":29381,"comment_status":"closed","ping_status":"closed","sticky":false,"template":"","format":"standard","meta":{"sfsi_plus_gutenberg_text_before_share":"","sfsi_plus_gutenberg_show_text_before_share":"","sfsi_plus_gutenberg_icon_type":"","sfsi_plus_gutenberg_icon_alignemt":"","sfsi_plus_gutenburg_max_per_row":"","footnotes":""},"categories":[6],"tags":[],"class_list":["post-29380","post","type-post","status-publish","format-standard","has-post-thumbnail","hentry","category-cidades"],"_links":{"self":[{"href":"https:\/\/www.caririemacao.com\/1\/wp-json\/wp\/v2\/posts\/29380","targetHints":{"allow":["GET"]}}],"collection":[{"href":"https:\/\/www.caririemacao.com\/1\/wp-json\/wp\/v2\/posts"}],"about":[{"href":"https:\/\/www.caririemacao.com\/1\/wp-json\/wp\/v2\/types\/post"}],"author":[{"embeddable":true,"href":"https:\/\/www.caririemacao.com\/1\/wp-json\/wp\/v2\/users\/2"}],"replies":[{"embeddable":true,"href":"https:\/\/www.caririemacao.com\/1\/wp-json\/wp\/v2\/comments?post=29380"}],"version-history":[{"count":0,"href":"https:\/\/www.caririemacao.com\/1\/wp-json\/wp\/v2\/posts\/29380\/revisions"}],"wp:featuredmedia":[{"embeddable":true,"href":"https:\/\/www.caririemacao.com\/1\/wp-json\/wp\/v2\/media\/29381"}],"wp:attachment":[{"href":"https:\/\/www.caririemacao.com\/1\/wp-json\/wp\/v2\/media?parent=29380"}],"wp:term":[{"taxonomy":"category","embeddable":true,"href":"https:\/\/www.caririemacao.com\/1\/wp-json\/wp\/v2\/categories?post=29380"},{"taxonomy":"post_tag","embeddable":true,"href":"https:\/\/www.caririemacao.com\/1\/wp-json\/wp\/v2\/tags?post=29380"}],"curies":[{"name":"wp","href":"https:\/\/api.w.org\/{rel}","templated":true}]}}