{"id":294300,"date":"2024-12-23T11:09:00","date_gmt":"2024-12-23T14:09:00","guid":{"rendered":"https:\/\/www.caririemacao.com\/1\/?p=294300"},"modified":"2024-12-23T11:09:00","modified_gmt":"2024-12-23T14:09:00","slug":"prefeita-eleita-de-monteiro-ana-paula-anuncia-nomes-que-irao-compor-o-primeiro-escalao-de-sua-gestao","status":"publish","type":"post","link":"https:\/\/www.caririemacao.com\/1\/2024\/12\/23\/prefeita-eleita-de-monteiro-ana-paula-anuncia-nomes-que-irao-compor-o-primeiro-escalao-de-sua-gestao\/","title":{"rendered":"Prefeita eleita de Monteiro, Ana Paula, anuncia nomes que ir\u00e3o compor o primeiro escal\u00e3o de sua gest\u00e3o"},"content":{"rendered":"<p>A prefeita eleita do munic\u00edpio de Monteiro, Ana Paula, anunciou na manh\u00e3 desta segunda-feira, 23, os nomes que ir\u00e3o compor os cargos do primeiro escal\u00e3o da gest\u00e3o municipal a partir de janeiro de 2025.<\/p>\n<p>Os nomes foram definidos ap\u00f3s v\u00e1rias avalia\u00e7\u00f5es feitas em conjunto com a atual prefeita Anna Lorena, o vice-prefeito eleito Caj\u00f3 Menezes, e outras lideran\u00e7as que integram o grupo pol\u00edtico.<\/p>\n<p><em><strong>C<\/strong><strong><em>onfira abaixo os no<\/em>mes que ir\u00e3o compor o primeiro escal\u00e3o que assume em 1\u00b0 de janeiro<\/strong><\/em>:<\/p>\n<p>Secret\u00e1ria de Sa\u00fade \u2013 Fabiana Ferreira<\/p>\n<p>Secret\u00e1ria de Educa\u00e7\u00e3o \u2013 Ana Lima Feliciano<\/p>\n<p>Secret\u00e1ria de Finan\u00e7as \u2013 Rosilda Ferreira<\/p>\n<p>Secret\u00e1rio de Controle Interno \u2013 Givalberio Alves (Bero de Bertino)<\/p>\n<p>Secret\u00e1rio de Comunica\u00e7\u00e3o \u2013 Fred Menezes<\/p>\n<p>Procurador Jur\u00eddico \u2013 S\u00e9rgio Bezerra<\/p>\n<p>Secret\u00e1ria de Planejamento \u2013 Waldirene Alves<\/p>\n<p>Secret\u00e1ria de Desenvolvimento Social \u2013 Joedina F\u00e9lix<\/p>\n<p>Secret\u00e1ria de Infraestrutura \u2013 Josenilda Bandeira<\/p>\n<p>Secret\u00e1rio de Agricultura \u2013 Rog\u00e9rio Leite<\/p>\n<p>Secret\u00e1rio de Esportes \u2013 Sebasti\u00e3o de Farias Silva (Sargento Farias)<\/p>\n<p>Secret\u00e1rio de Cultura e Turismo \u2013 Nanido Cavalcante<\/p>\n<p>Secret\u00e1ria de Administra\u00e7\u00e3o \u2013 F\u00e1tima Souza<\/p>\n<p>Chefe de Gabinete \u2013 Kalyne Torres<\/p>\n<p>Presidente da Comiss\u00e3o de Licita\u00e7\u00e3o \u2013 Anny Santa Cruz<\/p>\n","protected":false},"excerpt":{"rendered":"<p>A prefeita eleita do munic\u00edpio de Monteiro, Ana Paula, anunciou na manh\u00e3 desta segunda-feira, 23, os nomes que ir\u00e3o compor os cargos do primeiro escal\u00e3o da gest\u00e3o municipal a partir de janeiro de 2025. Os nomes foram definidos ap\u00f3s v\u00e1rias avalia\u00e7\u00f5es feitas em conjunto com a atual prefeita Anna Lorena, o vice-prefeito eleito Caj\u00f3 Menezes, e outras lideran\u00e7as que integram o grupo pol\u00edtico. Confira abaixo os nomes que ir\u00e3o compor o primeiro escal\u00e3o que assume em 1\u00b0 de janeiro: Secret\u00e1ria de Sa\u00fade \u2013 Fabiana Ferreira Secret\u00e1ria de Educa\u00e7\u00e3o \u2013 Ana Lima Feliciano Secret\u00e1ria de Finan\u00e7as \u2013 Rosilda Ferreira Secret\u00e1rio de Controle Interno \u2013 Givalberio Alves (Bero de Bertino) Secret\u00e1rio de Comunica\u00e7\u00e3o \u2013 Fred Menezes Procurador Jur\u00eddico \u2013 S\u00e9rgio Bezerra Secret\u00e1ria de Planejamento \u2013 Waldirene Alves Secret\u00e1ria de Desenvolvimento Social \u2013 Joedina F\u00e9lix Secret\u00e1ria de Infraestrutura \u2013 Josenilda Bandeira Secret\u00e1rio de Agricultura \u2013 Rog\u00e9rio Leite Secret\u00e1rio de Esportes \u2013 Sebasti\u00e3o de Farias Silva (Sargento Farias) Secret\u00e1rio de Cultura e Turismo \u2013 Nanido Cavalcante Secret\u00e1ria de Administra\u00e7\u00e3o \u2013 F\u00e1tima Souza Chefe de Gabinete \u2013 Kalyne Torres Presidente da Comiss\u00e3o de Licita\u00e7\u00e3o \u2013 Anny Santa Cruz<\/p>\n","protected":false},"author":6,"featured_media":294301,"comment_status":"closed","ping_status":"closed","sticky":false,"template":"","format":"standard","meta":{"sfsi_plus_gutenberg_text_before_share":"","sfsi_plus_gutenberg_show_text_before_share":"","sfsi_plus_gutenberg_icon_type":"","sfsi_plus_gutenberg_icon_alignemt":"","sfsi_plus_gutenburg_max_per_row":"","footnotes":""},"categories":[50,81],"tags":[],"class_list":["post-294300","post","type-post","status-publish","format-standard","has-post-thumbnail","hentry","category-destaque","category-monteiro"],"_links":{"self":[{"href":"https:\/\/www.caririemacao.com\/1\/wp-json\/wp\/v2\/posts\/294300","targetHints":{"allow":["GET"]}}],"collection":[{"href":"https:\/\/www.caririemacao.com\/1\/wp-json\/wp\/v2\/posts"}],"about":[{"href":"https:\/\/www.caririemacao.com\/1\/wp-json\/wp\/v2\/types\/post"}],"author":[{"embeddable":true,"href":"https:\/\/www.caririemacao.com\/1\/wp-json\/wp\/v2\/users\/6"}],"replies":[{"embeddable":true,"href":"https:\/\/www.caririemacao.com\/1\/wp-json\/wp\/v2\/comments?post=294300"}],"version-history":[{"count":1,"href":"https:\/\/www.caririemacao.com\/1\/wp-json\/wp\/v2\/posts\/294300\/revisions"}],"predecessor-version":[{"id":294302,"href":"https:\/\/www.caririemacao.com\/1\/wp-json\/wp\/v2\/posts\/294300\/revisions\/294302"}],"wp:featuredmedia":[{"embeddable":true,"href":"https:\/\/www.caririemacao.com\/1\/wp-json\/wp\/v2\/media\/294301"}],"wp:attachment":[{"href":"https:\/\/www.caririemacao.com\/1\/wp-json\/wp\/v2\/media?parent=294300"}],"wp:term":[{"taxonomy":"category","embeddable":true,"href":"https:\/\/www.caririemacao.com\/1\/wp-json\/wp\/v2\/categories?post=294300"},{"taxonomy":"post_tag","embeddable":true,"href":"https:\/\/www.caririemacao.com\/1\/wp-json\/wp\/v2\/tags?post=294300"}],"curies":[{"name":"wp","href":"https:\/\/api.w.org\/{rel}","templated":true}]}}