{"id":29459,"date":"2017-09-26T02:32:03","date_gmt":"2017-09-26T05:32:03","guid":{"rendered":"http:\/\/caririemacao.com\/1\/?p=29459"},"modified":"2017-09-27T00:06:05","modified_gmt":"2017-09-27T03:06:05","slug":"camara-de-caraubas-realiza-reuniao-nesta-terca-feira-26","status":"publish","type":"post","link":"https:\/\/www.caririemacao.com\/1\/2017\/09\/26\/camara-de-caraubas-realiza-reuniao-nesta-terca-feira-26\/","title":{"rendered":"C\u00e2mara de Cara\u00fabas realiza reuni\u00e3o nesta ter\u00e7a-feira (26)"},"content":{"rendered":"<p>A C\u00e2mara Municipal de Cara\u00fabas realiza no in\u00edcio da noite desta ter\u00e7a-feira (26) mais uma reuni\u00e3o ordin\u00e1ria. A reuni\u00e3o acontece \u00e0s 18h.<\/p>\n<p>O presidente da C\u00e2mara, Jos\u00e9 Renivan Neves, convida a toda a popula\u00e7\u00e3o para participar desta sess\u00e3o.<\/p>\n<p><strong>CARIRI EM A\u00c7\u00c3O<\/strong><\/p>\n<p><strong>Leia mais not\u00edcias em\u00a0<a href=\"http:\/\/www.caririemacao.com\/\">caririemacao.com<\/a>, siga nossa p\u00e1gina no\u00a0<a href=\"https:\/\/www.facebook.com\/CaririEmAcao\/?ref=aymt_homepage_panel\">Facebook<\/a>\u00a0e\u00a0<a href=\"https:\/\/www.instagram.com\/cariri_em_acao\/?hl=pt-br\">Instagram<\/a>\u00a0veja nossas mat\u00e9rias e fotos. Voc\u00ea tamb\u00e9m pode enviar informa\u00e7\u00f5es \u00e0 Reda\u00e7\u00e3o do Portal Cariri em A\u00e7\u00e3o pelo WhatsApp (83) 9 9634.5791, (83) 9 9601-1162.<\/strong><\/p>\n","protected":false},"excerpt":{"rendered":"<p>A C\u00e2mara Municipal de Cara\u00fabas realiza no in\u00edcio da noite desta ter\u00e7a-feira (26) mais uma reuni\u00e3o ordin\u00e1ria. A reuni\u00e3o acontece \u00e0s 18h. O presidente da&hellip; <\/p>\n","protected":false},"author":2,"featured_media":28442,"comment_status":"closed","ping_status":"closed","sticky":false,"template":"","format":"standard","meta":{"sfsi_plus_gutenberg_text_before_share":"","sfsi_plus_gutenberg_show_text_before_share":"","sfsi_plus_gutenberg_icon_type":"","sfsi_plus_gutenberg_icon_alignemt":"","sfsi_plus_gutenburg_max_per_row":"","footnotes":""},"categories":[11],"tags":[],"class_list":["post-29459","post","type-post","status-publish","format-standard","has-post-thumbnail","hentry","category-politica"],"_links":{"self":[{"href":"https:\/\/www.caririemacao.com\/1\/wp-json\/wp\/v2\/posts\/29459","targetHints":{"allow":["GET"]}}],"collection":[{"href":"https:\/\/www.caririemacao.com\/1\/wp-json\/wp\/v2\/posts"}],"about":[{"href":"https:\/\/www.caririemacao.com\/1\/wp-json\/wp\/v2\/types\/post"}],"author":[{"embeddable":true,"href":"https:\/\/www.caririemacao.com\/1\/wp-json\/wp\/v2\/users\/2"}],"replies":[{"embeddable":true,"href":"https:\/\/www.caririemacao.com\/1\/wp-json\/wp\/v2\/comments?post=29459"}],"version-history":[{"count":0,"href":"https:\/\/www.caririemacao.com\/1\/wp-json\/wp\/v2\/posts\/29459\/revisions"}],"wp:featuredmedia":[{"embeddable":true,"href":"https:\/\/www.caririemacao.com\/1\/wp-json\/wp\/v2\/media\/28442"}],"wp:attachment":[{"href":"https:\/\/www.caririemacao.com\/1\/wp-json\/wp\/v2\/media?parent=29459"}],"wp:term":[{"taxonomy":"category","embeddable":true,"href":"https:\/\/www.caririemacao.com\/1\/wp-json\/wp\/v2\/categories?post=29459"},{"taxonomy":"post_tag","embeddable":true,"href":"https:\/\/www.caririemacao.com\/1\/wp-json\/wp\/v2\/tags?post=29459"}],"curies":[{"name":"wp","href":"https:\/\/api.w.org\/{rel}","templated":true}]}}