{"id":29481,"date":"2017-09-27T09:58:33","date_gmt":"2017-09-27T12:58:33","guid":{"rendered":"http:\/\/caririemacao.com\/1\/?p=29481"},"modified":"2017-09-27T09:58:33","modified_gmt":"2017-09-27T12:58:33","slug":"cassio-sai-em-defesa-de-aecio-neves-e-profetiza-senado-federal-vai-derrubar-decisao-do-stf","status":"publish","type":"post","link":"https:\/\/www.caririemacao.com\/1\/2017\/09\/27\/cassio-sai-em-defesa-de-aecio-neves-e-profetiza-senado-federal-vai-derrubar-decisao-do-stf\/","title":{"rendered":"C\u00e1ssio sai em defesa de A\u00e9cio Neves e profetiza: Senado Federal vai derrubar decis\u00e3o do STF"},"content":{"rendered":"<p class=\" \">Vice-presidente do Senado e autor de v\u00e1rias postagens defendendo o combate a corrup\u00e7\u00e3o, o senador C\u00e1ssio Cunha Lima assumiu ontem o protagonismo na defesa do colega tucano Aecio Neves, afastado do mandato e obrigado a recolhimento noturno por decis\u00e3o da primeira turma do Supremo Tribunal Federal.<\/p>\n<p class=\" \">O paraibano fez duas previs\u00f5es ao blog do Josias, da Folha de S\u00e3o Paulo:<\/p>\n<p class=\" \">A primeira delas \u00e9 que o Senado ser\u00e1 obrigado a se manifestar sobre a decis\u00e3o do STF.<\/p>\n<p class=\" \">A segunda \u00e9 que essa manifesta\u00e7\u00e3o ser\u00e1 no sentido de derrubar a determina\u00e7\u00e3o dos ministros do Supremo.<\/p>\n<p class=\" \">\u201cO que houve foi a decreta\u00e7\u00e3o da pris\u00e3o de um senador. Algo que, pela Constitui\u00e7\u00e3o, precisa ser obrigatoriamente apreciado pelo Senado\u201d, defendeu C\u00e1ssio.<\/p>\n<p class=\" \">\u201cO Supremo imp\u00f4s a Aecio uma modalidade de pris\u00e3o chamada tecnicamente de pris\u00e3o domiciliar albergue. O Senado n\u00e3o pode ignorar\u201d, refor\u00e7ou o senador paraibano, acrescentando que sente de seus pares um sentimento de remorso em rela\u00e7\u00e3o a outra pris\u00e3o de um de seus integrantes: o ex-senador Delc\u00eddio do Amaral.<\/p>\n<p class=\" \">Um remorso que C\u00e1ssio Cunha Lima aposta que influenciar\u00e1 na decis\u00e3o do plen\u00e1rio de derrubar a decis\u00e3o do STF.<\/p>\n<p><strong>CARIRI EM A\u00c7\u00c3O<\/strong><\/p>\n<p><em>Com paraiba.com.br\/Foto:Google\u00a0\u00a0 <\/em><\/p>\n<p><strong>Leia mais not\u00edcias em\u00a0<\/strong><a href=\"http:\/\/www.caririemacao.com\/\"><strong>caririemacao.com<\/strong><\/a><strong>, siga nossa p\u00e1gina no\u00a0<\/strong><a href=\"https:\/\/www.facebook.com\/CaririEmAcao\/?ref=aymt_homepage_panel\"><strong>Facebook<\/strong><\/a>,<strong>\u00a0<\/strong><a href=\"https:\/\/www.instagram.com\/cariri_em_acao\/?hl=pt-br\"><strong>Instagram<\/strong><\/a><strong>\u00a0e <\/strong><a href=\"https:\/\/www.youtube.com\/channel\/UCAptA0jQuYQy8vMhLt2m4qg\"><strong>Youtube<\/strong><\/a><strong>\u00a0e veja nossas mat\u00e9rias, v\u00eddeos e fotos. Voc\u00ea tamb\u00e9m pode enviar informa\u00e7\u00f5es \u00e0 Reda\u00e7\u00e3o do Portal Cariri em A\u00e7\u00e3o pelo WhatsApp (83) 9 9634.5791, (83) 9 9601-1162.<\/strong><\/p>\n","protected":false},"excerpt":{"rendered":"<p>Vice-presidente do Senado e autor de v\u00e1rias postagens defendendo o combate a corrup\u00e7\u00e3o, o senador C\u00e1ssio Cunha Lima assumiu ontem o protagonismo na defesa do&hellip; <\/p>\n","protected":false},"author":2,"featured_media":29482,"comment_status":"closed","ping_status":"closed","sticky":false,"template":"","format":"standard","meta":{"sfsi_plus_gutenberg_text_before_share":"","sfsi_plus_gutenberg_show_text_before_share":"","sfsi_plus_gutenberg_icon_type":"","sfsi_plus_gutenberg_icon_alignemt":"","sfsi_plus_gutenburg_max_per_row":"","footnotes":""},"categories":[11],"tags":[],"class_list":["post-29481","post","type-post","status-publish","format-standard","has-post-thumbnail","hentry","category-politica"],"_links":{"self":[{"href":"https:\/\/www.caririemacao.com\/1\/wp-json\/wp\/v2\/posts\/29481","targetHints":{"allow":["GET"]}}],"collection":[{"href":"https:\/\/www.caririemacao.com\/1\/wp-json\/wp\/v2\/posts"}],"about":[{"href":"https:\/\/www.caririemacao.com\/1\/wp-json\/wp\/v2\/types\/post"}],"author":[{"embeddable":true,"href":"https:\/\/www.caririemacao.com\/1\/wp-json\/wp\/v2\/users\/2"}],"replies":[{"embeddable":true,"href":"https:\/\/www.caririemacao.com\/1\/wp-json\/wp\/v2\/comments?post=29481"}],"version-history":[{"count":0,"href":"https:\/\/www.caririemacao.com\/1\/wp-json\/wp\/v2\/posts\/29481\/revisions"}],"wp:featuredmedia":[{"embeddable":true,"href":"https:\/\/www.caririemacao.com\/1\/wp-json\/wp\/v2\/media\/29482"}],"wp:attachment":[{"href":"https:\/\/www.caririemacao.com\/1\/wp-json\/wp\/v2\/media?parent=29481"}],"wp:term":[{"taxonomy":"category","embeddable":true,"href":"https:\/\/www.caririemacao.com\/1\/wp-json\/wp\/v2\/categories?post=29481"},{"taxonomy":"post_tag","embeddable":true,"href":"https:\/\/www.caririemacao.com\/1\/wp-json\/wp\/v2\/tags?post=29481"}],"curies":[{"name":"wp","href":"https:\/\/api.w.org\/{rel}","templated":true}]}}