{"id":29484,"date":"2017-09-27T10:03:58","date_gmt":"2017-09-27T13:03:58","guid":{"rendered":"http:\/\/caririemacao.com\/1\/?p=29484"},"modified":"2017-09-27T10:03:58","modified_gmt":"2017-09-27T13:03:58","slug":"prefeitura-de-monteiro-anuncia-pagamento-do-mes-de-setembro-aos-servidores","status":"publish","type":"post","link":"https:\/\/www.caririemacao.com\/1\/2017\/09\/27\/prefeitura-de-monteiro-anuncia-pagamento-do-mes-de-setembro-aos-servidores\/","title":{"rendered":"Prefeitura de Monteiro anuncia pagamento do m\u00eas de setembro aos servidores"},"content":{"rendered":"<p>A prefeita de Monteiro, Anna Lorena, confirmou o pagamento do sal\u00e1rio dos servidores municipais referente ao m\u00eas de setembro para esta sexta-feira, dia 29, e no s\u00e1bado, dia 30.<\/p>\n<p>Com a inova\u00e7\u00e3o do calend\u00e1rio implantado na atual gest\u00e3o, na sexta-feira recebem os servidores inativos e aposentados e no s\u00e1bado os funcion\u00e1rios efetivos e comissionados.<\/p>\n<p>\u201cMesmo com a crise que o nosso pa\u00eds enfrenta, vamos sempre manter nosso compromisso de valoriza\u00e7\u00e3o dos servidores municipais da cidade de Monteiro pagando seus sal\u00e1rios dentro do m\u00eas trabalhado, at\u00e9 porque entendemos que n\u00e3o existem pol\u00edticas p\u00fablicas como sa\u00fade, seguran\u00e7a, educa\u00e7\u00e3o, social e at\u00e9 mesmo obras, sem o trabalho dos servidores p\u00fablicos\u201d, disse Anna Lorena.<\/p>\n<p>A estrat\u00e9gia de pagamento em etapas foi uma atitude vision\u00e1ria da gestora conforme cita a secret\u00e1ria de Finan\u00e7as Rosilda Henrique \u201cAdotamos este sistema de pagamento em dois dias para que os bancos da cidade n\u00e3o fiquem superlotados, visamos \u00e0 comodidade dos idosos primeiramente e depois dos demais servidores. S\u00e3o muitas institui\u00e7\u00f5es pagando no fim do m\u00eas e ainda mais dif\u00edcil fica por serem v\u00e1rias cidades que est\u00e3o utilizando o servi\u00e7o banc\u00e1rio da cidade. Esta foi uma decis\u00e3o muito acertada da prefeita Anna Lorena\u201d.<\/p>\n<p>A folha mensal dos servidores municipais \u00e9 de aproximadamente R$ 2,1 milh\u00f5es, pagos rigorosamente em dia e dentro do m\u00eas trabalhado aquecendo o com\u00e9rcio e fortalecendo a economia.<\/p>\n<p><strong>CARIRI EM A\u00c7\u00c3O<\/strong><\/p>\n<p><em>Com Ascom\/Foto:Divulga\u00e7\u00e3o<\/em><\/p>\n<p><strong>Leia mais not\u00edcias em\u00a0<\/strong><a href=\"http:\/\/www.caririemacao.com\/\"><strong>caririemacao.com<\/strong><\/a><strong>, siga nossa p\u00e1gina no\u00a0<\/strong><a href=\"https:\/\/www.facebook.com\/CaririEmAcao\/?ref=aymt_homepage_panel\"><strong>Facebook<\/strong><\/a>,<strong>\u00a0<\/strong><a href=\"https:\/\/www.instagram.com\/cariri_em_acao\/?hl=pt-br\"><strong>Instagram<\/strong><\/a><strong>\u00a0e <\/strong><a href=\"https:\/\/www.youtube.com\/channel\/UCAptA0jQuYQy8vMhLt2m4qg\"><strong>Youtube<\/strong><\/a><strong>\u00a0e veja nossas mat\u00e9rias, v\u00eddeos e fotos. Voc\u00ea tamb\u00e9m pode enviar informa\u00e7\u00f5es \u00e0 Reda\u00e7\u00e3o do Portal Cariri em A\u00e7\u00e3o pelo WhatsApp (83) 9 9634.5791, (83) 9 9601-1162.<\/strong><\/p>\n","protected":false},"excerpt":{"rendered":"<p>A prefeita de Monteiro, Anna Lorena, confirmou o pagamento do sal\u00e1rio dos servidores municipais referente ao m\u00eas de setembro para esta sexta-feira, dia 29, e&hellip; <\/p>\n","protected":false},"author":2,"featured_media":29485,"comment_status":"closed","ping_status":"closed","sticky":false,"template":"","format":"standard","meta":{"sfsi_plus_gutenberg_text_before_share":"","sfsi_plus_gutenberg_show_text_before_share":"","sfsi_plus_gutenberg_icon_type":"","sfsi_plus_gutenberg_icon_alignemt":"","sfsi_plus_gutenburg_max_per_row":"","footnotes":""},"categories":[2],"tags":[],"class_list":["post-29484","post","type-post","status-publish","format-standard","has-post-thumbnail","hentry","category-geral"],"_links":{"self":[{"href":"https:\/\/www.caririemacao.com\/1\/wp-json\/wp\/v2\/posts\/29484","targetHints":{"allow":["GET"]}}],"collection":[{"href":"https:\/\/www.caririemacao.com\/1\/wp-json\/wp\/v2\/posts"}],"about":[{"href":"https:\/\/www.caririemacao.com\/1\/wp-json\/wp\/v2\/types\/post"}],"author":[{"embeddable":true,"href":"https:\/\/www.caririemacao.com\/1\/wp-json\/wp\/v2\/users\/2"}],"replies":[{"embeddable":true,"href":"https:\/\/www.caririemacao.com\/1\/wp-json\/wp\/v2\/comments?post=29484"}],"version-history":[{"count":0,"href":"https:\/\/www.caririemacao.com\/1\/wp-json\/wp\/v2\/posts\/29484\/revisions"}],"wp:featuredmedia":[{"embeddable":true,"href":"https:\/\/www.caririemacao.com\/1\/wp-json\/wp\/v2\/media\/29485"}],"wp:attachment":[{"href":"https:\/\/www.caririemacao.com\/1\/wp-json\/wp\/v2\/media?parent=29484"}],"wp:term":[{"taxonomy":"category","embeddable":true,"href":"https:\/\/www.caririemacao.com\/1\/wp-json\/wp\/v2\/categories?post=29484"},{"taxonomy":"post_tag","embeddable":true,"href":"https:\/\/www.caririemacao.com\/1\/wp-json\/wp\/v2\/tags?post=29484"}],"curies":[{"name":"wp","href":"https:\/\/api.w.org\/{rel}","templated":true}]}}