{"id":29487,"date":"2017-09-27T10:06:07","date_gmt":"2017-09-27T13:06:07","guid":{"rendered":"http:\/\/caririemacao.com\/1\/?p=29487"},"modified":"2017-09-27T10:06:07","modified_gmt":"2017-09-27T13:06:07","slug":"prefeitura-de-ouro-velho-antecipa-pagamento-dos-funcionarios-e-pensionistas","status":"publish","type":"post","link":"https:\/\/www.caririemacao.com\/1\/2017\/09\/27\/prefeitura-de-ouro-velho-antecipa-pagamento-dos-funcionarios-e-pensionistas\/","title":{"rendered":"Prefeitura de Ouro Velho antecipa pagamento dos funcion\u00e1rios e pensionistas"},"content":{"rendered":"<p>A Prefeitura de Ouro Velho antecipou nesta ter\u00e7a-feira (26), o pagamento dos sal\u00e1rios dos funcion\u00e1rios e pensionistas referente ao m\u00eas de setembro. A informa\u00e7\u00e3o foi repassada pelo m\u00e9dico Dr. J\u00fanior, esposo da Prefeita Nat\u00e1lia Lira, que acrescentou que os valores j\u00e1 est\u00e3o nas contas dos funcion\u00e1rios.<\/p>\n<p>\u201cO pagamento em dia e antecipado, al\u00e9m de movimentar a economia local mostra o compromisso da gest\u00e3o da Prefeita Nat\u00e1lia em valorizar os servidores municipais e reconhecer a import\u00e2ncia da categoria\u201d, acrescentou Dr. J\u00fanior.<\/p>\n<p>Preocupado com a seguran\u00e7a, Dr. J\u00fanior informou ainda que juntamente com o vice-prefeito Fl\u00e1vio Henrique, o gerente do Sicoob da cidade, resolveram refor\u00e7ar a Pol\u00edcia Militar nos dias de pagamento.<\/p>\n<p>Com a antecipa\u00e7\u00e3o do pagamento, a prefeita Nat\u00e1lia de Dr. J\u00fanior demostra valoriza\u00e7\u00e3o para com o funcion\u00e1rio p\u00fablico do seu munic\u00edpio. O Pagamento dentro do m\u00eas trabalhado \u00e9 uma marca do governo Nat\u00e1lia de Dr. J\u00fanior, que vem mudando a realidade do munic\u00edpio de Ouro Velho.<\/p>\n<p><strong>CARIRI EM A\u00c7\u00c3O<\/strong><\/p>\n<p><em>Com Ascom\/Foto:Cariri em A\u00e7\u00e3o\u00a0 \u00a0\u00a0<\/em><\/p>\n<p><strong>Leia mais not\u00edcias em\u00a0<\/strong><a href=\"http:\/\/www.caririemacao.com\/\"><strong>caririemacao.com<\/strong><\/a><strong>, siga nossa p\u00e1gina no\u00a0<\/strong><a href=\"https:\/\/www.facebook.com\/CaririEmAcao\/?ref=aymt_homepage_panel\"><strong>Facebook<\/strong><\/a>,<strong>\u00a0<\/strong><a href=\"https:\/\/www.instagram.com\/cariri_em_acao\/?hl=pt-br\"><strong>Instagram<\/strong><\/a><strong>\u00a0e <\/strong><a href=\"https:\/\/www.youtube.com\/channel\/UCAptA0jQuYQy8vMhLt2m4qg\"><strong>Youtube<\/strong><\/a><strong>\u00a0e veja nossas mat\u00e9rias, v\u00eddeos e fotos. Voc\u00ea tamb\u00e9m pode enviar informa\u00e7\u00f5es \u00e0 Reda\u00e7\u00e3o do Portal Cariri em A\u00e7\u00e3o pelo WhatsApp (83) 9 9634.5791, (83) 9 9601-1162.<\/strong><\/p>\n","protected":false},"excerpt":{"rendered":"<p>A Prefeitura de Ouro Velho antecipou nesta ter\u00e7a-feira (26), o pagamento dos sal\u00e1rios dos funcion\u00e1rios e pensionistas referente ao m\u00eas de setembro. A informa\u00e7\u00e3o foi&hellip; <\/p>\n","protected":false},"author":2,"featured_media":12428,"comment_status":"closed","ping_status":"closed","sticky":false,"template":"","format":"standard","meta":{"sfsi_plus_gutenberg_text_before_share":"","sfsi_plus_gutenberg_show_text_before_share":"","sfsi_plus_gutenberg_icon_type":"","sfsi_plus_gutenberg_icon_alignemt":"","sfsi_plus_gutenburg_max_per_row":"","footnotes":""},"categories":[6],"tags":[],"class_list":["post-29487","post","type-post","status-publish","format-standard","has-post-thumbnail","hentry","category-cidades"],"_links":{"self":[{"href":"https:\/\/www.caririemacao.com\/1\/wp-json\/wp\/v2\/posts\/29487","targetHints":{"allow":["GET"]}}],"collection":[{"href":"https:\/\/www.caririemacao.com\/1\/wp-json\/wp\/v2\/posts"}],"about":[{"href":"https:\/\/www.caririemacao.com\/1\/wp-json\/wp\/v2\/types\/post"}],"author":[{"embeddable":true,"href":"https:\/\/www.caririemacao.com\/1\/wp-json\/wp\/v2\/users\/2"}],"replies":[{"embeddable":true,"href":"https:\/\/www.caririemacao.com\/1\/wp-json\/wp\/v2\/comments?post=29487"}],"version-history":[{"count":0,"href":"https:\/\/www.caririemacao.com\/1\/wp-json\/wp\/v2\/posts\/29487\/revisions"}],"wp:featuredmedia":[{"embeddable":true,"href":"https:\/\/www.caririemacao.com\/1\/wp-json\/wp\/v2\/media\/12428"}],"wp:attachment":[{"href":"https:\/\/www.caririemacao.com\/1\/wp-json\/wp\/v2\/media?parent=29487"}],"wp:term":[{"taxonomy":"category","embeddable":true,"href":"https:\/\/www.caririemacao.com\/1\/wp-json\/wp\/v2\/categories?post=29487"},{"taxonomy":"post_tag","embeddable":true,"href":"https:\/\/www.caririemacao.com\/1\/wp-json\/wp\/v2\/tags?post=29487"}],"curies":[{"name":"wp","href":"https:\/\/api.w.org\/{rel}","templated":true}]}}