{"id":29536,"date":"2017-09-28T09:03:12","date_gmt":"2017-09-28T12:03:12","guid":{"rendered":"http:\/\/caririemacao.com\/1\/?p=29536"},"modified":"2017-09-28T09:04:15","modified_gmt":"2017-09-28T12:04:15","slug":"29536","status":"publish","type":"post","link":"https:\/\/www.caririemacao.com\/1\/2017\/09\/28\/29536\/","title":{"rendered":"Prefeitura de Serra Branca realiza melhorias em estradas vicinais"},"content":{"rendered":"<p>Atendendo a uma reivindica\u00e7\u00e3o antiga da popula\u00e7\u00e3o serra-branquense, por iniciativa da Secretaria de Agricultura, na pessoa de seu representante, secret\u00e1rio Kl\u00e9ber Ribeiro e prefeito Souzinha\u00a0 autorizaram a realiza\u00e7\u00e3o de melhorias em duas importantes estradas vicinais da cidade.<\/p>\n<p>As a\u00e7\u00f5es acontecem na estrada que liga as Capoeiras ao S\u00edtio Angico e tamb\u00e9m no percurso que leva at\u00e9 o Angico de Baixo, beneficiando os Estenes e tamb\u00e9m o Sal\u00e3o.<\/p>\n<p>O Secret\u00e1rio Kleber Ribeiro revelou que apesar das dificuldades com problemas em algumas m\u00e1quinas a prefeitura continuar\u00e1 realizando melhorias nas estradas da zona rural da cidade.<\/p>\n<p><strong>CARIRI EM A\u00c7\u00c3O<\/strong><\/p>\n<p><em>Com Ascom\/Foto:Google\u00a0\u00a0 <\/em><\/p>\n<p><strong>Leia mais not\u00edcias em\u00a0<\/strong><a href=\"http:\/\/www.caririemacao.com\/\"><strong>caririemacao.com<\/strong><\/a><strong>, siga nossa p\u00e1gina no\u00a0<\/strong><a href=\"https:\/\/www.facebook.com\/CaririEmAcao\/?ref=aymt_homepage_panel\"><strong>Facebook<\/strong><\/a>,<strong>\u00a0<\/strong><a href=\"https:\/\/www.instagram.com\/cariri_em_acao\/?hl=pt-br\"><strong>Instagram<\/strong><\/a><strong>\u00a0e <\/strong><a href=\"https:\/\/www.youtube.com\/channel\/UCAptA0jQuYQy8vMhLt2m4qg\"><strong>Youtube<\/strong><\/a><strong>\u00a0e veja nossas mat\u00e9rias, v\u00eddeos e fotos. Voc\u00ea tamb\u00e9m pode enviar informa\u00e7\u00f5es \u00e0 Reda\u00e7\u00e3o do Portal Cariri em A\u00e7\u00e3o pelo WhatsApp (83) 9 9634.5791, (83) 9 9601-1162.<\/strong><\/p>\n","protected":false},"excerpt":{"rendered":"<p>Atendendo a uma reivindica\u00e7\u00e3o antiga da popula\u00e7\u00e3o serra-branquense, por iniciativa da Secretaria de Agricultura, na pessoa de seu representante, secret\u00e1rio Kl\u00e9ber Ribeiro e prefeito Souzinha\u00a0&hellip; <\/p>\n","protected":false},"author":2,"featured_media":29537,"comment_status":"closed","ping_status":"closed","sticky":false,"template":"","format":"standard","meta":{"sfsi_plus_gutenberg_text_before_share":"","sfsi_plus_gutenberg_show_text_before_share":"","sfsi_plus_gutenberg_icon_type":"","sfsi_plus_gutenberg_icon_alignemt":"","sfsi_plus_gutenburg_max_per_row":"","footnotes":""},"categories":[2],"tags":[],"class_list":["post-29536","post","type-post","status-publish","format-standard","has-post-thumbnail","hentry","category-geral"],"_links":{"self":[{"href":"https:\/\/www.caririemacao.com\/1\/wp-json\/wp\/v2\/posts\/29536","targetHints":{"allow":["GET"]}}],"collection":[{"href":"https:\/\/www.caririemacao.com\/1\/wp-json\/wp\/v2\/posts"}],"about":[{"href":"https:\/\/www.caririemacao.com\/1\/wp-json\/wp\/v2\/types\/post"}],"author":[{"embeddable":true,"href":"https:\/\/www.caririemacao.com\/1\/wp-json\/wp\/v2\/users\/2"}],"replies":[{"embeddable":true,"href":"https:\/\/www.caririemacao.com\/1\/wp-json\/wp\/v2\/comments?post=29536"}],"version-history":[{"count":0,"href":"https:\/\/www.caririemacao.com\/1\/wp-json\/wp\/v2\/posts\/29536\/revisions"}],"wp:featuredmedia":[{"embeddable":true,"href":"https:\/\/www.caririemacao.com\/1\/wp-json\/wp\/v2\/media\/29537"}],"wp:attachment":[{"href":"https:\/\/www.caririemacao.com\/1\/wp-json\/wp\/v2\/media?parent=29536"}],"wp:term":[{"taxonomy":"category","embeddable":true,"href":"https:\/\/www.caririemacao.com\/1\/wp-json\/wp\/v2\/categories?post=29536"},{"taxonomy":"post_tag","embeddable":true,"href":"https:\/\/www.caririemacao.com\/1\/wp-json\/wp\/v2\/tags?post=29536"}],"curies":[{"name":"wp","href":"https:\/\/api.w.org\/{rel}","templated":true}]}}