{"id":29544,"date":"2017-09-28T09:08:46","date_gmt":"2017-09-28T12:08:46","guid":{"rendered":"http:\/\/caririemacao.com\/1\/?p=29544"},"modified":"2017-09-28T09:08:46","modified_gmt":"2017-09-28T12:08:46","slug":"homem-reage-a-assalto-e-baleado-e-tem-carro-roubado-na-br-104-no-cariri-da-pb","status":"publish","type":"post","link":"https:\/\/www.caririemacao.com\/1\/2017\/09\/28\/homem-reage-a-assalto-e-baleado-e-tem-carro-roubado-na-br-104-no-cariri-da-pb\/","title":{"rendered":"Homem reage a assalto, \u00e9 baleado e tem carro roubado na BR-104 no Cariri da PB"},"content":{"rendered":"<div class=\"mc-column\">\n<div class=\"content-publication-data\">\n<p class=\"content-publication-data__updated\"><time datetime=\"2017-09-27T19:00:55.377Z\"><\/time><span style=\"font-family: inherit; font-size: inherit; font-style: inherit; font-variant-ligatures: inherit; font-variant-caps: inherit; font-weight: inherit; text-align: center;\">Um homem reagiu ao ser abordado por cerca de oito assaltante e foi baleado na BR-104, nas proximidades do munic\u00edpio de Alcantil, no Cariri da Para\u00edba. O crime foi registrado pela Pol\u00edcia Militar na ter\u00e7a-feira (26) e o carro da v\u00edtima, um Fiat Toro banco, foi roubado.<\/span><\/p>\n<\/div>\n<\/div>\n<div class=\"mc-article-body\">\n<article>\n<div class=\"mc-column content-text active-extra-styles \" data-block-type=\"unstyled\" data-block-weight=\"32\">\n<p class=\"content-text__container \" data-track-category=\"Link no Texto\" data-track-links=\"\">Ainda segundo a pol\u00edcia, os homens chegaram em duas caminhonetes, sendo uma delas uma Toyota Hilux branca. A v\u00edtima, que estava com um amigo no carro, tentou fugir ao perceber a abordagem.<\/p>\n<\/div>\n<div class=\"mc-column content-text active-extra-styles \" data-block-type=\"unstyled\" data-block-weight=\"58\">\n<p class=\"content-text__container \" data-track-category=\"Link no Texto\" data-track-links=\"\">O Servi\u00e7o de Atendimento M\u00f3vel de Urg\u00eancia (Samu) foi acionado, prestou os primeiros socorros e encaminhou o ferido para o Hospital Regional de Emerg\u00eancia e Trauma de Campina Grande. At\u00e9 as 15h desta quarta-feira (27), o servi\u00e7o social do hospital n\u00e3o soube informar o estado de sa\u00fade da v\u00edtima e nenhum suspeito do crime foi preso pela pol\u00edcia.<\/p>\n<\/div>\n<div class=\"mc-column content-text active-extra-styles \" data-block-type=\"unstyled\" data-block-weight=\"14\">\n<p class=\"content-text__container \" data-track-category=\"Link no Texto\" data-track-links=\"\">Um dos ve\u00edculos utilizados pelos assaltantes foi abandonado nas proximidades onde aconteceu o assalto.<\/p>\n<p><strong>CARIRI EM A\u00c7\u00c3O<\/strong><\/p>\n<p><em>Com G1PB<\/em><\/p>\n<p><strong>Leia mais not\u00edcias em\u00a0<\/strong><a href=\"http:\/\/www.caririemacao.com\/\"><strong>caririemacao.com<\/strong><\/a><strong>, siga nossa p\u00e1gina no\u00a0<\/strong><a href=\"https:\/\/www.facebook.com\/CaririEmAcao\/?ref=aymt_homepage_panel\"><strong>Facebook<\/strong><\/a>,<strong>\u00a0<\/strong><a href=\"https:\/\/www.instagram.com\/cariri_em_acao\/?hl=pt-br\"><strong>Instagram<\/strong><\/a><strong>\u00a0e <\/strong><a href=\"https:\/\/www.youtube.com\/channel\/UCAptA0jQuYQy8vMhLt2m4qg\"><strong>Youtube<\/strong><\/a><strong>\u00a0e veja nossas mat\u00e9rias, v\u00eddeos e fotos. Voc\u00ea tamb\u00e9m pode enviar informa\u00e7\u00f5es \u00e0 Reda\u00e7\u00e3o do Portal Cariri em A\u00e7\u00e3o pelo WhatsApp (83) 9 9634.5791, (83) 9 9601-1162.<\/strong><\/p>\n<\/div>\n<\/article>\n<\/div>\n","protected":false},"excerpt":{"rendered":"<p>Um homem reagiu ao ser abordado por cerca de oito assaltante e foi baleado na BR-104, nas proximidades do munic\u00edpio de Alcantil, no Cariri da&hellip; <\/p>\n","protected":false},"author":2,"featured_media":25619,"comment_status":"closed","ping_status":"closed","sticky":false,"template":"","format":"standard","meta":{"sfsi_plus_gutenberg_text_before_share":"","sfsi_plus_gutenberg_show_text_before_share":"","sfsi_plus_gutenberg_icon_type":"","sfsi_plus_gutenberg_icon_alignemt":"","sfsi_plus_gutenburg_max_per_row":"","footnotes":""},"categories":[12],"tags":[],"class_list":["post-29544","post","type-post","status-publish","format-standard","has-post-thumbnail","hentry","category-policia"],"_links":{"self":[{"href":"https:\/\/www.caririemacao.com\/1\/wp-json\/wp\/v2\/posts\/29544","targetHints":{"allow":["GET"]}}],"collection":[{"href":"https:\/\/www.caririemacao.com\/1\/wp-json\/wp\/v2\/posts"}],"about":[{"href":"https:\/\/www.caririemacao.com\/1\/wp-json\/wp\/v2\/types\/post"}],"author":[{"embeddable":true,"href":"https:\/\/www.caririemacao.com\/1\/wp-json\/wp\/v2\/users\/2"}],"replies":[{"embeddable":true,"href":"https:\/\/www.caririemacao.com\/1\/wp-json\/wp\/v2\/comments?post=29544"}],"version-history":[{"count":0,"href":"https:\/\/www.caririemacao.com\/1\/wp-json\/wp\/v2\/posts\/29544\/revisions"}],"wp:featuredmedia":[{"embeddable":true,"href":"https:\/\/www.caririemacao.com\/1\/wp-json\/wp\/v2\/media\/25619"}],"wp:attachment":[{"href":"https:\/\/www.caririemacao.com\/1\/wp-json\/wp\/v2\/media?parent=29544"}],"wp:term":[{"taxonomy":"category","embeddable":true,"href":"https:\/\/www.caririemacao.com\/1\/wp-json\/wp\/v2\/categories?post=29544"},{"taxonomy":"post_tag","embeddable":true,"href":"https:\/\/www.caririemacao.com\/1\/wp-json\/wp\/v2\/tags?post=29544"}],"curies":[{"name":"wp","href":"https:\/\/api.w.org\/{rel}","templated":true}]}}