{"id":295533,"date":"2025-01-30T19:13:08","date_gmt":"2025-01-30T22:13:08","guid":{"rendered":"https:\/\/www.caririemacao.com\/1\/?p=295533"},"modified":"2025-01-30T19:13:08","modified_gmt":"2025-01-30T22:13:08","slug":"presidente-da-amcap-marcio-leite-destaca-participacao-dos-prefeitos-na-reuniao-em-camalau","status":"publish","type":"post","link":"https:\/\/www.caririemacao.com\/1\/2025\/01\/30\/presidente-da-amcap-marcio-leite-destaca-participacao-dos-prefeitos-na-reuniao-em-camalau\/","title":{"rendered":"Presidente da AMCAP, M\u00e1rcio Leite, destaca participa\u00e7\u00e3o dos prefeitos na reuni\u00e3o em Camala\u00fa"},"content":{"rendered":"<p data-pm-slice=\"1 1 []\">Nesta quinta-feira (30), a cidade de Camala\u00fa sediou a 1\u00aa Reuni\u00e3o Itinerante da AMCAP (Associa\u00e7\u00e3o dos Munic\u00edpios do Cariri e Agreste Paraibano), reunindo gestores municipais para debater temas fundamentais para a regi\u00e3o. O evento, conduzido pelo presidente da AMCAP e prefeito de S\u00e3o Jo\u00e3o do Tigre, M\u00e1rcio Leite, teve como destaque a discuss\u00e3o sobre concursos p\u00fablicos e outras pautas de interesse coletivo.<\/p>\n<p>M\u00e1rcio Leite enfatizou a import\u00e2ncia da participa\u00e7\u00e3o ativa dos prefeitos, que contribu\u00edram com ideias e propostas para fortalecer a gest\u00e3o p\u00fablica nos munic\u00edpios.<\/p>\n<p>\u201cA presen\u00e7a dos prefeitos foi essencial para enriquecer o debate e construir caminhos vi\u00e1veis para os desafios que enfrentamos. A unifica\u00e7\u00e3o de esfor\u00e7os entre os gestores \u00e9 um passo fundamental para garantir avan\u00e7os concretos para nossa regi\u00e3o\u201d, afirmou o presidente.<\/p>\n<p>O encontro contou com a participa\u00e7\u00e3o de diversos prefeitos, incluindo representantes de Boa Vista, Prata, Cara\u00fabas, S\u00e3o Domingos do Cariri, Monteiro, Congo, Zabel\u00ea e S\u00e3o Sebasti\u00e3o do Umbuzeiro. Segundo M\u00e1rcio Leite, a reuni\u00e3o refor\u00e7a a import\u00e2ncia da coopera\u00e7\u00e3o entre os gestores municipais na busca por solu\u00e7\u00f5es eficazes.<\/p>\n<p>\u201cAgrade\u00e7o a todos os prefeitos que participaram e contribu\u00edram com suas experi\u00eancias. O comprometimento de cada gestor mostra que estamos no caminho certo para fortalecer as administra\u00e7\u00f5es municipais e oferecer melhores condi\u00e7\u00f5es para nossa popula\u00e7\u00e3o\u201d, finalizou M\u00e1rcio Leite.<\/p>\n<p>&nbsp;<\/p>\n<p><strong>CARIRI EM A\u00c7\u00c3O<\/strong><\/p>\n<p><em>Com Para\u00edba da Gente<\/em><\/p>\n","protected":false},"excerpt":{"rendered":"<p>Nesta quinta-feira (30), a cidade de Camala\u00fa sediou a 1\u00aa Reuni\u00e3o Itinerante da AMCAP (Associa\u00e7\u00e3o dos Munic\u00edpios do Cariri e Agreste Paraibano), reunindo gestores municipais&hellip; <\/p>\n","protected":false},"author":6,"featured_media":295534,"comment_status":"closed","ping_status":"closed","sticky":false,"template":"","format":"standard","meta":{"sfsi_plus_gutenberg_text_before_share":"","sfsi_plus_gutenberg_show_text_before_share":"","sfsi_plus_gutenberg_icon_type":"","sfsi_plus_gutenberg_icon_alignemt":"","sfsi_plus_gutenburg_max_per_row":"","footnotes":""},"categories":[106,50,2,89],"tags":[],"class_list":["post-295533","post","type-post","status-publish","format-standard","has-post-thumbnail","hentry","category-cariri","category-destaque","category-geral","category-sao-joao-do-tigre"],"_links":{"self":[{"href":"https:\/\/www.caririemacao.com\/1\/wp-json\/wp\/v2\/posts\/295533","targetHints":{"allow":["GET"]}}],"collection":[{"href":"https:\/\/www.caririemacao.com\/1\/wp-json\/wp\/v2\/posts"}],"about":[{"href":"https:\/\/www.caririemacao.com\/1\/wp-json\/wp\/v2\/types\/post"}],"author":[{"embeddable":true,"href":"https:\/\/www.caririemacao.com\/1\/wp-json\/wp\/v2\/users\/6"}],"replies":[{"embeddable":true,"href":"https:\/\/www.caririemacao.com\/1\/wp-json\/wp\/v2\/comments?post=295533"}],"version-history":[{"count":1,"href":"https:\/\/www.caririemacao.com\/1\/wp-json\/wp\/v2\/posts\/295533\/revisions"}],"predecessor-version":[{"id":295535,"href":"https:\/\/www.caririemacao.com\/1\/wp-json\/wp\/v2\/posts\/295533\/revisions\/295535"}],"wp:featuredmedia":[{"embeddable":true,"href":"https:\/\/www.caririemacao.com\/1\/wp-json\/wp\/v2\/media\/295534"}],"wp:attachment":[{"href":"https:\/\/www.caririemacao.com\/1\/wp-json\/wp\/v2\/media?parent=295533"}],"wp:term":[{"taxonomy":"category","embeddable":true,"href":"https:\/\/www.caririemacao.com\/1\/wp-json\/wp\/v2\/categories?post=295533"},{"taxonomy":"post_tag","embeddable":true,"href":"https:\/\/www.caririemacao.com\/1\/wp-json\/wp\/v2\/tags?post=295533"}],"curies":[{"name":"wp","href":"https:\/\/api.w.org\/{rel}","templated":true}]}}