{"id":29556,"date":"2017-09-28T09:23:33","date_gmt":"2017-09-28T12:23:33","guid":{"rendered":"http:\/\/caririemacao.com\/1\/?p=29556"},"modified":"2017-09-28T09:23:33","modified_gmt":"2017-09-28T12:23:33","slug":"dem-namora-luciano-huck-para-possivel-candidatura-em-2018","status":"publish","type":"post","link":"https:\/\/www.caririemacao.com\/1\/2017\/09\/28\/dem-namora-luciano-huck-para-possivel-candidatura-em-2018\/","title":{"rendered":"DEM namora Luciano Huck para poss\u00edvel candidatura em 2018"},"content":{"rendered":"<section class=\"l-noticia\">Ao mesmo tempo em que o prefeito de S\u00e3o Paulo, Jo\u00e3o Doria (PSDB), era cortejado pela c\u00fapula do DEM, lideran\u00e7as da legenda se encontraram com Luciano Huck para discutir uma poss\u00edvel filia\u00e7\u00e3o do apresentador de televis\u00e3o visando uma eventual candidatura sua nas elei\u00e7\u00f5es presidenciais do pr\u00f3ximo ano.<\/p>\n<p>No encontro, que aconteceu na quinta-feira da semana passada, segundo o jornal O Globo, estavam presentes o ministro da Educa\u00e7\u00e3o, Mendon\u00e7a Filho (DEM-PE), e o prefeito de Salvador, ACM Neto (DEM-BA). Outros dois encontros do g\u00eanero sua teriam sido realizados nos \u00faltimos meses.<\/p>\n<p>Huck confirma a realiza\u00e7\u00e3o da reuni\u00e3o, mas nega ter discutido uma eventual filia\u00e7\u00e3o ao DEM. A legenda vem acelerado o contato com poss\u00edveis candidatos e parlamentares interessados em trocar de partido, como membros do PSB, por exemplo, j\u00e1 que em outubro dever\u00e1 anunciar a &#8220;refunda\u00e7\u00e3o&#8221; da legenda.<\/p>\n<p>Al\u00e9m disso, em abril termina o prazo de filia\u00e7\u00f5es de candidatos para o pr\u00f3ximo pleito. Um dos novos filiados alardeado pelo partido \u00e9 o l\u00edder do Movimento Brasil Livre (MBL), Kim Kataguiri.<\/p>\n<p>Al\u00e9m de Huck, o DEM tamb\u00e9m anda cortejando o prefeito de S\u00e3o Paulo, Jo\u00e3o Doria (PSDB), que vem dando sinais de que poder\u00e1 deixar o partido caso a legenda B opte por lan\u00e7ar o governador de S\u00e3o Paulo, Geraldo Alckmin como candidato ao Planalto.<\/p>\n<p><strong>CARIRI EM A\u00c7\u00c3O<\/strong><\/p>\n<p><em>Com Brasil 247\/Foto: Google\u00a0\u00a0 <\/em><\/p>\n<p><strong>Leia mais not\u00edcias em\u00a0<\/strong><a href=\"http:\/\/www.caririemacao.com\/\"><strong>caririemacao.com<\/strong><\/a><strong>, siga nossa p\u00e1gina no\u00a0<\/strong><a href=\"https:\/\/www.facebook.com\/CaririEmAcao\/?ref=aymt_homepage_panel\"><strong>Facebook<\/strong><\/a>,<strong>\u00a0<\/strong><a href=\"https:\/\/www.instagram.com\/cariri_em_acao\/?hl=pt-br\"><strong>Instagram<\/strong><\/a><strong>\u00a0e <\/strong><a href=\"https:\/\/www.youtube.com\/channel\/UCAptA0jQuYQy8vMhLt2m4qg\"><strong>Youtube<\/strong><\/a><strong>\u00a0e veja nossas mat\u00e9rias, v\u00eddeos e fotos. Voc\u00ea tamb\u00e9m pode enviar informa\u00e7\u00f5es \u00e0 Reda\u00e7\u00e3o do Portal Cariri em A\u00e7\u00e3o pelo WhatsApp (83) 9 9634.5791, (83) 9 9601-1162.<\/strong><\/p>\n<\/section>\n","protected":false},"excerpt":{"rendered":"<p>Ao mesmo tempo em que o prefeito de S\u00e3o Paulo, Jo\u00e3o Doria (PSDB), era cortejado pela c\u00fapula do DEM, lideran\u00e7as da legenda se encontraram com&hellip; <\/p>\n","protected":false},"author":2,"featured_media":29559,"comment_status":"closed","ping_status":"closed","sticky":false,"template":"","format":"standard","meta":{"sfsi_plus_gutenberg_text_before_share":"","sfsi_plus_gutenberg_show_text_before_share":"","sfsi_plus_gutenberg_icon_type":"","sfsi_plus_gutenberg_icon_alignemt":"","sfsi_plus_gutenburg_max_per_row":"","footnotes":""},"categories":[11],"tags":[],"class_list":["post-29556","post","type-post","status-publish","format-standard","has-post-thumbnail","hentry","category-politica"],"_links":{"self":[{"href":"https:\/\/www.caririemacao.com\/1\/wp-json\/wp\/v2\/posts\/29556","targetHints":{"allow":["GET"]}}],"collection":[{"href":"https:\/\/www.caririemacao.com\/1\/wp-json\/wp\/v2\/posts"}],"about":[{"href":"https:\/\/www.caririemacao.com\/1\/wp-json\/wp\/v2\/types\/post"}],"author":[{"embeddable":true,"href":"https:\/\/www.caririemacao.com\/1\/wp-json\/wp\/v2\/users\/2"}],"replies":[{"embeddable":true,"href":"https:\/\/www.caririemacao.com\/1\/wp-json\/wp\/v2\/comments?post=29556"}],"version-history":[{"count":0,"href":"https:\/\/www.caririemacao.com\/1\/wp-json\/wp\/v2\/posts\/29556\/revisions"}],"wp:featuredmedia":[{"embeddable":true,"href":"https:\/\/www.caririemacao.com\/1\/wp-json\/wp\/v2\/media\/29559"}],"wp:attachment":[{"href":"https:\/\/www.caririemacao.com\/1\/wp-json\/wp\/v2\/media?parent=29556"}],"wp:term":[{"taxonomy":"category","embeddable":true,"href":"https:\/\/www.caririemacao.com\/1\/wp-json\/wp\/v2\/categories?post=29556"},{"taxonomy":"post_tag","embeddable":true,"href":"https:\/\/www.caririemacao.com\/1\/wp-json\/wp\/v2\/tags?post=29556"}],"curies":[{"name":"wp","href":"https:\/\/api.w.org\/{rel}","templated":true}]}}