{"id":295783,"date":"2025-02-08T09:42:10","date_gmt":"2025-02-08T12:42:10","guid":{"rendered":"https:\/\/www.caririemacao.com\/1\/?p=295783"},"modified":"2025-02-08T09:42:10","modified_gmt":"2025-02-08T12:42:10","slug":"litoral-da-paraiba-tem-oito-trechos-de-praias-improprios-para-banho","status":"publish","type":"post","link":"https:\/\/www.caririemacao.com\/1\/2025\/02\/08\/litoral-da-paraiba-tem-oito-trechos-de-praias-improprios-para-banho\/","title":{"rendered":"Litoral da Para\u00edba tem oito trechos de praias impr\u00f3prios para banho"},"content":{"rendered":"<div class=\"row content-head mc-column non-featured \">\n<div class=\"medium-centered subtitle\">\n<p class=\"content-head__subtitle\"><em><strong>Relat\u00f3rio de balneabilidade da Sudema traz a lista de praias da Para\u00edba que est\u00e3o impr\u00f3prias para banho no Litoral.<\/strong><\/em><\/p>\n<\/div>\n<\/div>\n<div class=\"row content-head mc-column non-featured \">\n<div class=\"medium-centered subtitle\">\n<div class=\"row content-head mc-column non-featured \">\n<div class=\"medium-centered subtitle\">\n<div id=\"chunk-46qe\">\n<div class=\"mc-column content-text active-extra-styles \" data-block-type=\"unstyled\" data-block-weight=\"39\" data-block-id=\"2\">\n<p class=\" content-text__container \" data-track-category=\"Link no Texto\" data-track-links=\"\" data-mrf-recirculation=\"Mat\u00e9ria - Links no Texto\">Oito trechos de praia est\u00e3o impr\u00f3prios para banho no Litoral da Para\u00edba, segundo o relat\u00f3rio de balneabilidade divulgado pela Superintend\u00eancia de Administra\u00e7\u00e3o do Meio Ambiente (Sudema) neste final de semana. Os trechos est\u00e3o em\u00a0Jo\u00e3o Pessoa\u00a0e em\u00a0Pitimbu.<\/p>\n<\/div>\n<\/div>\n<div class=\"wall protected-content\">\n<div id=\"chunk-cc84u\">\n<div class=\"mc-column content-text active-extra-styles \" data-block-type=\"unstyled\" data-block-weight=\"23\" data-block-id=\"4\">\n<p class=\" content-text__container \" data-track-category=\"Link no Texto\" data-track-links=\"\" data-mrf-recirculation=\"Mat\u00e9ria - Links no Texto\">Outros pontos monitorados, situados em\u00a0Mataraca,\u00a0Ba\u00eda da Trai\u00e7\u00e3o,\u00a0Conde,\u00a0Lucena,\u00a0Cabedelo\u00a0e\u00a0Rio Tinto\u00a0tiveram a qualidade das \u00e1guas classificada como pr\u00f3pria.<\/p>\n<\/div>\n<\/div>\n<div id=\"chunk-3igvj\">\n<div class=\"mc-column content-text active-extra-styles \" data-block-type=\"unstyled\" data-block-weight=\"30\" data-block-id=\"5\">\n<p class=\" content-text__container \" data-track-category=\"Link no Texto\" data-track-links=\"\" data-mrf-recirculation=\"Mat\u00e9ria - Links no Texto\">A an\u00e1lise da balneabilidade da \u00e1gua foi realizada de 3 at\u00e9 5 de fevereiro e \u00e9 v\u00e1lida at\u00e9 o dia 13 do mesmo m\u00eas, data da divulga\u00e7\u00e3o do pr\u00f3ximo relat\u00f3rio.<\/p>\n<\/div>\n<\/div>\n<div id=\"chunk-5h7vt\">\n<div class=\"mc-column content-text active-extra-styles\" data-block-type=\"raw\" data-block-weight=\"2\" data-block-id=\"6\">\n<div class=\"content-intertitle\">\n<h2><strong>Jo\u00e3o Pessoa<\/strong><\/h2>\n<\/div>\n<\/div>\n<\/div>\n<div id=\"chunk-antpn\">\n<div class=\"mc-column content-text active-extra-styles\" data-block-type=\"raw\" data-block-weight=\"34\" data-block-id=\"7\">\n<ul class=\"content-unordered-list\">\n<li>Cabo Branco, no final da Rua Greg\u00f3rio Pessoa de Oliveira<\/li>\n<li>Penha, em frente \u00e0 desembocadura do Rio Aratu<\/li>\n<li>Arraial, em frente \u00e0 desembocadura do Rio Cui\u00e1<\/li>\n<li>Jacarap\u00e9, ao final da Rua Manoel C\u00e2ndido Soares<\/li>\n<\/ul>\n<p>FONTE: G1<\/p>\n<\/div>\n<\/div>\n<\/div>\n<\/div>\n<\/div>\n<div><\/div>\n<div class=\"content__signa-share mc-column\">\n<div class=\"content__signature\">\n<div class=\"content-publication-data\">\n<div class=\"content-publication-data__text\"><\/div>\n<\/div>\n<\/div>\n<\/div>\n<\/div>\n<\/div>\n<div><\/div>\n<div class=\"content__signa-share mc-column\">\n<div class=\"content__signature\">\n<div class=\"content-publication-data\">\n<div class=\"content-publication-data__text\"><\/div>\n<\/div>\n<\/div>\n<\/div>\n<div class=\"content__signa-share mc-column\">\n<div class=\"content__signature\">\n<div class=\"content-publication-data\">\n<p class=\"content-publication-data__text\">\n<\/div>\n<\/div>\n<\/div>\n","protected":false},"excerpt":{"rendered":"<p>Relat\u00f3rio de balneabilidade da Sudema traz a lista de praias da Para\u00edba que est\u00e3o impr\u00f3prias para banho no Litoral. Oito trechos de praia est\u00e3o impr\u00f3prios para banho no Litoral da Para\u00edba, segundo o relat\u00f3rio de balneabilidade divulgado pela Superintend\u00eancia de Administra\u00e7\u00e3o do Meio Ambiente (Sudema) neste final de semana. Os trechos est\u00e3o em\u00a0Jo\u00e3o Pessoa\u00a0e em\u00a0Pitimbu. Outros pontos monitorados, situados em\u00a0Mataraca,\u00a0Ba\u00eda da Trai\u00e7\u00e3o,\u00a0Conde,\u00a0Lucena,\u00a0Cabedelo\u00a0e\u00a0Rio Tinto\u00a0tiveram a qualidade das \u00e1guas classificada como pr\u00f3pria. A an\u00e1lise da balneabilidade da \u00e1gua foi realizada de 3 at\u00e9 5 de fevereiro e \u00e9 v\u00e1lida at\u00e9 o dia 13 do mesmo m\u00eas, data da divulga\u00e7\u00e3o do pr\u00f3ximo relat\u00f3rio. Jo\u00e3o Pessoa Cabo Branco, no final da Rua Greg\u00f3rio Pessoa de Oliveira Penha, em frente \u00e0 desembocadura do Rio Aratu Arraial, em frente \u00e0 desembocadura do Rio Cui\u00e1 Jacarap\u00e9, ao final da Rua Manoel C\u00e2ndido Soares FONTE: G1<\/p>\n","protected":false},"author":6,"featured_media":295784,"comment_status":"closed","ping_status":"closed","sticky":false,"template":"","format":"standard","meta":{"sfsi_plus_gutenberg_text_before_share":"","sfsi_plus_gutenberg_show_text_before_share":"","sfsi_plus_gutenberg_icon_type":"","sfsi_plus_gutenberg_icon_alignemt":"","sfsi_plus_gutenburg_max_per_row":"","footnotes":""},"categories":[50,115],"tags":[],"class_list":["post-295783","post","type-post","status-publish","format-standard","has-post-thumbnail","hentry","category-destaque","category-joao-pessoa"],"_links":{"self":[{"href":"https:\/\/www.caririemacao.com\/1\/wp-json\/wp\/v2\/posts\/295783","targetHints":{"allow":["GET"]}}],"collection":[{"href":"https:\/\/www.caririemacao.com\/1\/wp-json\/wp\/v2\/posts"}],"about":[{"href":"https:\/\/www.caririemacao.com\/1\/wp-json\/wp\/v2\/types\/post"}],"author":[{"embeddable":true,"href":"https:\/\/www.caririemacao.com\/1\/wp-json\/wp\/v2\/users\/6"}],"replies":[{"embeddable":true,"href":"https:\/\/www.caririemacao.com\/1\/wp-json\/wp\/v2\/comments?post=295783"}],"version-history":[{"count":1,"href":"https:\/\/www.caririemacao.com\/1\/wp-json\/wp\/v2\/posts\/295783\/revisions"}],"predecessor-version":[{"id":295785,"href":"https:\/\/www.caririemacao.com\/1\/wp-json\/wp\/v2\/posts\/295783\/revisions\/295785"}],"wp:featuredmedia":[{"embeddable":true,"href":"https:\/\/www.caririemacao.com\/1\/wp-json\/wp\/v2\/media\/295784"}],"wp:attachment":[{"href":"https:\/\/www.caririemacao.com\/1\/wp-json\/wp\/v2\/media?parent=295783"}],"wp:term":[{"taxonomy":"category","embeddable":true,"href":"https:\/\/www.caririemacao.com\/1\/wp-json\/wp\/v2\/categories?post=295783"},{"taxonomy":"post_tag","embeddable":true,"href":"https:\/\/www.caririemacao.com\/1\/wp-json\/wp\/v2\/tags?post=295783"}],"curies":[{"name":"wp","href":"https:\/\/api.w.org\/{rel}","templated":true}]}}