{"id":296419,"date":"2025-02-25T16:22:52","date_gmt":"2025-02-25T19:22:52","guid":{"rendered":"https:\/\/www.caririemacao.com\/1\/?p=296419"},"modified":"2025-02-25T16:22:52","modified_gmt":"2025-02-25T19:22:52","slug":"carnaval-2025-prefeitura-divulga-programacao-do-congo-na-folia-veja-as-atracoes","status":"publish","type":"post","link":"https:\/\/www.caririemacao.com\/1\/2025\/02\/25\/carnaval-2025-prefeitura-divulga-programacao-do-congo-na-folia-veja-as-atracoes\/","title":{"rendered":"Carnaval 2025: Prefeitura divulga programa\u00e7\u00e3o do Congo na Folia; veja as atra\u00e7\u00f5es"},"content":{"rendered":"<p data-start=\"89\" data-end=\"483\">O munic\u00edpio de Congo, no Cariri Paraibano, j\u00e1 est\u00e1 em contagem regressiva para o maior evento do ano: o Congo na Folia 2025.\u00a0Com uma programa\u00e7\u00e3o repleta de atra\u00e7\u00f5es culturais, blocos de rua, pared\u00f5es e shows em pra\u00e7a p\u00fablica, o tradicional Carnaval promete movimentar a cidade entre os dias 28 de fevereiro e 4 de mar\u00e7o, reunindo moradores e visitantes em uma grande celebra\u00e7\u00e3o.<\/p>\n<p data-start=\"485\" data-end=\"736\">A Prefeitura Municipal, por meio da Secretaria de Cultura, Turismo e Desenvolvimento Econ\u00f4mico (SECTURDES), preparou uma programa\u00e7\u00e3o diversificada que valoriza as tradi\u00e7\u00f5es locais e garante muita m\u00fasica, divers\u00e3o e seguran\u00e7a para todos os foli\u00f5es.<\/p>\n<p data-start=\"738\" data-end=\"786\"><strong data-start=\"738\" data-end=\"786\">Programa\u00e7\u00e3o Completa do Congo na Folia 2025:<\/strong><\/p>\n<p data-start=\"788\" data-end=\"823\"><strong data-start=\"788\" data-end=\"821\">Sexta-feira \u2013 28 de fevereiro<\/strong><\/p>\n<ul data-start=\"824\" data-end=\"1016\">\n<li data-start=\"824\" data-end=\"1016\"><strong data-start=\"826\" data-end=\"846\">Bloco Boca Louca<\/strong> \u2013 A partir das 21h, o bloco mais animado do Carnaval toma conta da pra\u00e7a p\u00fablica em seu 19\u00ba ano de folia, garantindo muita divers\u00e3o para abrir os festejos carnavalescos.<\/li>\n<\/ul>\n<p data-start=\"1018\" data-end=\"1044\"><strong data-start=\"1018\" data-end=\"1042\">S\u00e1bado \u2013 1\u00ba de mar\u00e7o<\/strong><\/p>\n<ul data-start=\"1045\" data-end=\"1228\">\n<li data-start=\"1045\" data-end=\"1228\"><strong data-start=\"1047\" data-end=\"1081\">Encontro dos Blocos + Pared\u00f5es<\/strong> \u2013 A partir das 19h, os blocos de rua se encontram ao som dos tradicionais pared\u00f5es, levando uma explos\u00e3o de ritmos e energia para a pra\u00e7a p\u00fablica.<\/li>\n<\/ul>\n<p data-start=\"1230\" data-end=\"1256\"><strong data-start=\"1230\" data-end=\"1254\">Domingo \u2013 2 de mar\u00e7o<\/strong><\/p>\n<ul data-start=\"1257\" data-end=\"1472\">\n<li data-start=\"1257\" data-end=\"1472\"><strong data-start=\"1259\" data-end=\"1307\">Caravana Carnavalesca Sons e Cores do Cariri<\/strong> \u2013 \u00c0s 18h, o colorido da cultura caririzeira invade o Congo com a passagem da caravana e o imponente Caminh\u00e3o Taz Mania, em um verdadeiro espet\u00e1culo de luzes e sons.<\/li>\n<\/ul>\n<p data-start=\"1474\" data-end=\"1506\"><strong data-start=\"1474\" data-end=\"1504\">Segunda-feira \u2013 3 de mar\u00e7o<\/strong><\/p>\n<ul data-start=\"1507\" data-end=\"1689\">\n<li data-start=\"1507\" data-end=\"1689\"><strong data-start=\"1509\" data-end=\"1557\">Show com Alysson, Banda 10 em 1 e Val Vallin<\/strong> \u2013 A partir das 20h, a segunda-feira ser\u00e1 embalada por grandes shows em pra\u00e7a p\u00fablica, prometendo animar os foli\u00f5es at\u00e9 altas horas.<\/li>\n<\/ul>\n<p data-start=\"1691\" data-end=\"1721\"><strong data-start=\"1691\" data-end=\"1719\">Ter\u00e7a-feira \u2013 4 de mar\u00e7o<\/strong><\/p>\n<ul data-start=\"1722\" data-end=\"1895\">\n<li data-start=\"1722\" data-end=\"1895\"><strong data-start=\"1724\" data-end=\"1744\">Pared\u00e3o Evolu\u00e7\u00e3o<\/strong> \u2013 Para encerrar o Carnaval com chave de ouro, o som automotivo toma conta da pra\u00e7a a partir das 20h, garantindo o clima de festa at\u00e9 o \u00faltimo momento.<\/li>\n<\/ul>\n<p data-start=\"1897\" data-end=\"2108\">A prefeita Flavinha Sousa destacou a import\u00e2ncia do evento n\u00e3o apenas para o entretenimento da popula\u00e7\u00e3o, mas tamb\u00e9m para o fortalecimento da economia local e a preserva\u00e7\u00e3o da cultura carnavalesca da cidade.<\/p>\n<p data-start=\"2110\" data-end=\"2525\">&#8220;O Congo na Folia \u00e9 uma tradi\u00e7\u00e3o que movimenta nossa cidade, gera emprego, aquece o com\u00e9rcio e, acima de tudo, promove alegria e uni\u00e3o entre os conguenses e visitantes. Estamos preparando tudo com muito carinho e responsabilidade para que todos curtam o Carnaval com seguran\u00e7a e muita energia positiva. Queremos ver nossa cidade cheia de vida e cores, celebrando nossas tradi\u00e7\u00f5es com orgulho&#8221;, afirmou a prefeita.<\/p>\n<p data-start=\"2110\" data-end=\"2525\"><img decoding=\"async\" src=\"https:\/\/scontent.fcau26-1.fna.fbcdn.net\/v\/t39.30808-6\/480556146_1013890300786862_2567439779563401744_n.jpg?_nc_cat=109&amp;ccb=1-7&amp;_nc_sid=833d8c&amp;_nc_ohc=Z_sLBillEOgQ7kNvgFZ0x1z&amp;_nc_oc=AdjuJbKs_ysGn6nNLlVBYz4zrDe6UooPpXE6euPxZ3UBkgK7h1bU9RWjO791gYAbgHE&amp;_nc_zt=23&amp;_nc_ht=scontent.fcau26-1.fna&amp;_nc_gid=AtgYu5IkE_1mEaPXLREZv5l&amp;oh=00_AYBnBHfXMk8llMLV3V4JQsCuhfIsHOk-ieFYv8DjrIDsSA&amp;oe=67C3D5E7\" alt=\"Pode ser uma imagem de texto que diz &quot;C\u00d6NGO NA FOLIA 28.F 8.FEVERFIRA SEXTA-FEIRA BLOCO BOCALOUCA BOCAL \u03b1 BOCA ANO 19 LOUCA CONGO-PB AS 21H EM PRA\u00c7A P\u00daBLICA SECTURDES \u0a74 PREFEITURA MUNICIPAL CONGO&quot;\" \/><\/p>\n<p data-start=\"2110\" data-end=\"2525\"><img decoding=\"async\" src=\"https:\/\/scontent.fcau26-1.fna.fbcdn.net\/v\/t39.30808-6\/480371199_1013890170786875_5490780825819280031_n.jpg?_nc_cat=107&amp;ccb=1-7&amp;_nc_sid=833d8c&amp;_nc_ohc=XG0v59AwDn4Q7kNvgHTrrfw&amp;_nc_oc=AdhU6Fz11-31c7DTq9WP5R4nhedlgc_WlJ3IOOIERQt8olo0glfSWaVqFBw8dwkYVFo&amp;_nc_zt=23&amp;_nc_ht=scontent.fcau26-1.fna&amp;_nc_gid=A1I0wsqoRvbS7nOh0ImP8rP&amp;oh=00_AYA2DCQxtNSc25vXchCyet50D9LxpQwCsecSAOZyliGZKg&amp;oe=67C3DA49\" alt=\"Pode ser uma imagem de texto que diz &quot;01. OI.MAR\u00c7O SABADO CONGO TNA FOLIA ENCONTRO PAREDOES \u17e2\u17e0 DOES DOS BLOCOS. + PARI paredao MOTOS \u0c85\u0cb9\u0ca4 LLIMA m\u0394 ELIMA \u00c1S 19 EM PRA\u00c7A P\u00daBLICA SECTURDE \u1353\u12f0\u1300 A PREFEITURA MUNICIPAL CONGO&quot;\" \/><\/p>\n<p data-start=\"2110\" data-end=\"2525\"><img decoding=\"async\" src=\"https:\/\/scontent.fcau26-1.fna.fbcdn.net\/v\/t39.30808-6\/480328912_1013890210786871_7904377430072094635_n.jpg?_nc_cat=107&amp;ccb=1-7&amp;_nc_sid=833d8c&amp;_nc_ohc=vs9PqWoBxXsQ7kNvgEktaFj&amp;_nc_oc=Adib6nMGhCwBMoHg3lIgL3G7phzxgxO1iWwWvOsf5MMB3Wdp99_9MsAwY3TivSD68Eg&amp;_nc_zt=23&amp;_nc_ht=scontent.fcau26-1.fna&amp;_nc_gid=AUad0Pj16-4iDW2B5F3gJCH&amp;oh=00_AYAXy73KN9Jh1sOqAO6rAraP_2rwzD1la-2M4ifMmeVwVQ&amp;oe=67C3DFC1\" alt=\"Pode ser uma imagem de texto que diz &quot;CONGO N\u00c1 FOLIA DOMINGO 02IMARCO_ 02.N \u00c1S18H \u00c1S 18H EM PRA\u00c7A P\u00daBLICA Tume SONS&amp; CLIRES DOCARIRI m CARAVANACARNAVALESCA CARAVANA CARNAVALESCA SONS E CORES DO CARIRI CAMINH\u00c3O TAZ MANIA SECTURDES \u3050\u3084 PREFEITURA MUNICIPAL CONGO&quot;\" \/><\/p>\n<p data-start=\"2110\" data-end=\"2525\"><img decoding=\"async\" src=\"https:\/\/scontent.fcau26-1.fna.fbcdn.net\/v\/t39.30808-6\/480525057_1013890244120201_3856314227904146651_n.jpg?_nc_cat=108&amp;ccb=1-7&amp;_nc_sid=833d8c&amp;_nc_ohc=eIuFdSJWQpcQ7kNvgGI1jFB&amp;_nc_oc=AdgH2RP4TEoKj6LGIjdOCXrGJf9bqL4ev5gY20nWqd7JKFEiDomAerJEnqDmfnzGQeA&amp;_nc_zt=23&amp;_nc_ht=scontent.fcau26-1.fna&amp;_nc_gid=ALulMJWkq2OCO_lJcZs9no-&amp;oh=00_AYC9BrZR4XwhXUAawHnF8tDybx953LkOj9oM1FX7ayUNzQ&amp;oe=67C3D57C\" alt=\"Pode ser uma imagem de \u200e3 pessoas e \u200etexto que diz &quot;\u200eCONGO 03.MAR\u00c7O NA FOLIA \u00c1S \u00c1S20H SEGUNDA EM PRACA P\u00daBLIC\u00c1 EST \u05d4\u05d1\u05d4 BANDA vaL vaLin AyR6O\u0418 SEC SECTURDES \u3067 TURPES ENIU \u1780 PREFEITURA PREFEITURAMUNICIPAL MUNICIPAL CONGO\u200e&quot;\u200e\u200e\" \/><\/p>\n<p data-start=\"2110\" data-end=\"2525\"><img decoding=\"async\" src=\"https:\/\/scontent.fcau26-1.fna.fbcdn.net\/v\/t39.30808-6\/476649345_1013890340786858_1314646127279032451_n.jpg?_nc_cat=102&amp;ccb=1-7&amp;_nc_sid=833d8c&amp;_nc_ohc=-W-EuXuFjcoQ7kNvgGNvdNK&amp;_nc_oc=Adipe2NlBYDJKiXZDu5Jk-0Dyn6-W3pyhWsPHVBTdlmrQwz8bGzBau1k4TCGpLvvP3I&amp;_nc_zt=23&amp;_nc_ht=scontent.fcau26-1.fna&amp;_nc_gid=A8pgCTLeC0zjhT-Vg9J4VsX&amp;oh=00_AYBtKV3b_aEC4D22At4CbcCx1MecEcT3a-ZeMHMBgDpCaQ&amp;oe=67C3EC8F\" alt=\"Pode ser uma imagem de texto que diz &quot;CONGO 04.MMARCO NA FOLIA TER\u00c7A-FEIRA PARED\u00c3O EVOLU\u00c7\u00c3O AS 20H ea 55 EM PRA\u00c7A P\u00daBLICA SECTURDES \u306a\u3084 aptoral \u0e23\u0e23\u0e31\u0e07\u0e40\u0e48 1 PREFEITURA MUNICIPAL CONGO&quot;\" \/><\/p>\n<p data-start=\"2110\" data-end=\"2525\"><strong>CARIRI EM A\u00c7\u00c3O<\/strong><\/p>\n","protected":false},"excerpt":{"rendered":"<p>O munic\u00edpio de Congo, no Cariri Paraibano, j\u00e1 est\u00e1 em contagem regressiva para o maior evento do ano: o Congo na Folia 2025.\u00a0Com uma programa\u00e7\u00e3o repleta de atra\u00e7\u00f5es culturais, blocos de rua, pared\u00f5es e shows em pra\u00e7a p\u00fablica, o tradicional Carnaval promete movimentar a cidade entre os dias 28 de fevereiro e 4 de mar\u00e7o, reunindo moradores e visitantes em uma grande celebra\u00e7\u00e3o. A Prefeitura Municipal, por meio da Secretaria de Cultura, Turismo e Desenvolvimento Econ\u00f4mico (SECTURDES), preparou uma programa\u00e7\u00e3o diversificada que valoriza as tradi\u00e7\u00f5es locais e garante muita m\u00fasica, divers\u00e3o e seguran\u00e7a para todos os foli\u00f5es. Programa\u00e7\u00e3o Completa do Congo na Folia 2025: Sexta-feira \u2013 28 de fevereiro Bloco Boca Louca \u2013 A partir das 21h, o bloco mais animado do Carnaval toma conta da pra\u00e7a p\u00fablica em seu 19\u00ba ano de folia, garantindo muita divers\u00e3o para abrir os festejos carnavalescos. S\u00e1bado \u2013 1\u00ba de mar\u00e7o Encontro dos Blocos + Pared\u00f5es \u2013 A partir das 19h, os blocos de rua se encontram ao som dos tradicionais pared\u00f5es, levando uma explos\u00e3o de ritmos e energia para a pra\u00e7a p\u00fablica. Domingo \u2013 2 de mar\u00e7o Caravana Carnavalesca Sons e Cores do Cariri \u2013 \u00c0s 18h, o colorido da cultura caririzeira invade o Congo com a passagem da caravana e o imponente Caminh\u00e3o Taz Mania, em um verdadeiro espet\u00e1culo de luzes e sons. Segunda-feira \u2013 3 de mar\u00e7o Show com Alysson, Banda 10 em 1 e Val Vallin \u2013 A partir das 20h, a segunda-feira ser\u00e1 embalada por grandes shows em pra\u00e7a p\u00fablica, prometendo animar os foli\u00f5es at\u00e9 altas horas. Ter\u00e7a-feira \u2013 4 de mar\u00e7o Pared\u00e3o Evolu\u00e7\u00e3o \u2013 Para encerrar o Carnaval com chave de ouro, o som automotivo toma conta da pra\u00e7a a partir das 20h, garantindo o clima de festa at\u00e9 o \u00faltimo momento. A prefeita Flavinha Sousa destacou a import\u00e2ncia do evento n\u00e3o apenas para o entretenimento da popula\u00e7\u00e3o, mas tamb\u00e9m para o fortalecimento da economia local e a preserva\u00e7\u00e3o da cultura carnavalesca da cidade. &#8220;O Congo na Folia \u00e9 uma tradi\u00e7\u00e3o que movimenta nossa cidade, gera emprego, aquece o com\u00e9rcio e, acima de tudo, promove alegria e uni\u00e3o entre os conguenses e visitantes. Estamos preparando tudo com muito carinho e responsabilidade para que todos curtam o Carnaval com seguran\u00e7a e muita energia positiva. Queremos ver nossa cidade cheia de vida e cores, celebrando nossas tradi\u00e7\u00f5es com orgulho&#8221;, afirmou a prefeita. CARIRI EM A\u00c7\u00c3O<\/p>\n","protected":false},"author":6,"featured_media":296420,"comment_status":"closed","ping_status":"closed","sticky":false,"template":"","format":"standard","meta":{"sfsi_plus_gutenberg_text_before_share":"","sfsi_plus_gutenberg_show_text_before_share":"","sfsi_plus_gutenberg_icon_type":"","sfsi_plus_gutenberg_icon_alignemt":"","sfsi_plus_gutenburg_max_per_row":"","footnotes":""},"categories":[74,50,2],"tags":[],"class_list":["post-296419","post","type-post","status-publish","format-standard","has-post-thumbnail","hentry","category-congo","category-destaque","category-geral"],"_links":{"self":[{"href":"https:\/\/www.caririemacao.com\/1\/wp-json\/wp\/v2\/posts\/296419","targetHints":{"allow":["GET"]}}],"collection":[{"href":"https:\/\/www.caririemacao.com\/1\/wp-json\/wp\/v2\/posts"}],"about":[{"href":"https:\/\/www.caririemacao.com\/1\/wp-json\/wp\/v2\/types\/post"}],"author":[{"embeddable":true,"href":"https:\/\/www.caririemacao.com\/1\/wp-json\/wp\/v2\/users\/6"}],"replies":[{"embeddable":true,"href":"https:\/\/www.caririemacao.com\/1\/wp-json\/wp\/v2\/comments?post=296419"}],"version-history":[{"count":1,"href":"https:\/\/www.caririemacao.com\/1\/wp-json\/wp\/v2\/posts\/296419\/revisions"}],"predecessor-version":[{"id":296421,"href":"https:\/\/www.caririemacao.com\/1\/wp-json\/wp\/v2\/posts\/296419\/revisions\/296421"}],"wp:featuredmedia":[{"embeddable":true,"href":"https:\/\/www.caririemacao.com\/1\/wp-json\/wp\/v2\/media\/296420"}],"wp:attachment":[{"href":"https:\/\/www.caririemacao.com\/1\/wp-json\/wp\/v2\/media?parent=296419"}],"wp:term":[{"taxonomy":"category","embeddable":true,"href":"https:\/\/www.caririemacao.com\/1\/wp-json\/wp\/v2\/categories?post=296419"},{"taxonomy":"post_tag","embeddable":true,"href":"https:\/\/www.caririemacao.com\/1\/wp-json\/wp\/v2\/tags?post=296419"}],"curies":[{"name":"wp","href":"https:\/\/api.w.org\/{rel}","templated":true}]}}