{"id":296422,"date":"2025-02-25T16:25:37","date_gmt":"2025-02-25T19:25:37","guid":{"rendered":"https:\/\/www.caririemacao.com\/1\/?p=296422"},"modified":"2025-02-25T16:25:37","modified_gmt":"2025-02-25T19:25:37","slug":"barra-folia-2025-carnaval-de-barra-de-sao-miguel-esta-de-volta-com-programacao-especial","status":"publish","type":"post","link":"https:\/\/www.caririemacao.com\/1\/2025\/02\/25\/barra-folia-2025-carnaval-de-barra-de-sao-miguel-esta-de-volta-com-programacao-especial\/","title":{"rendered":"Barra Folia 2025: Carnaval de Barra de S\u00e3o Miguel est\u00e1 de volta com programa\u00e7\u00e3o especial"},"content":{"rendered":"<p>O munic\u00edpio de Barra de S\u00e3o Miguel est\u00e1 pronto para reviver a tradi\u00e7\u00e3o do seu carnaval! A gest\u00e3o do prefeito Jo\u00e3o Paulo Fran\u00e7a, por meio de sua equipe, organizou uma programa\u00e7\u00e3o especial para a festa, que come\u00e7a nesta sexta-feira (28 de fevereiro), com o esquenta de carnaval, e segue at\u00e9 a ter\u00e7a-feira de carnaval (4 de mar\u00e7o).<\/p>\n<p>Este ano, o evento faz parte do calend\u00e1rio Viva Barra o Ano Inteiro, uma iniciativa que visa fortalecer o turismo, a cultura e a economia local, promovendo eventos ao longo de todo o ano. Com essa proposta, a prefeitura busca incentivar o com\u00e9rcio, a gastronomia e a valoriza\u00e7\u00e3o das tradi\u00e7\u00f5es do munic\u00edpio.<\/p>\n<p>A festa contar\u00e1 com blocos carnavalescos, os tradicionais bonecos de Olinda, al\u00e9m de um banho de carnaval com chuveiros e carros-pipa para refrescar os foli\u00f5es. A anima\u00e7\u00e3o ficar\u00e1 por conta da orquestra de frevo e outras atra\u00e7\u00f5es regionais, garantindo muita m\u00fasica e divers\u00e3o.<\/p>\n<p><strong>Confira a programa\u00e7\u00e3o completa:<\/strong><\/p>\n<p>Sexta-feira, 28 de fevereiro<\/p>\n<ul class=\"wp-block-list\">\n<li>18h00 \u2013 Concentra\u00e7\u00e3o no Alto da Bela Vista com a Orquestra para um ensaio\/esquenta.<\/li>\n<li>Em seguida, o bloco percorre as ruas da cidade em dire\u00e7\u00e3o ao Bar do Amaury.<\/li>\n<\/ul>\n<p>S\u00e1bado, 1\u00ba de mar\u00e7o<\/p>\n<ul class=\"wp-block-list\">\n<li>17h00 \u2013 Concentra\u00e7\u00e3o da Assist\u00eancia Social (Bloco da Saudade).<\/li>\n<li>20h00 \u2013 Orquestra de Frevo<\/li>\n<li>Em seguida, show da Orquestra Voo Livre.<\/li>\n<\/ul>\n<p>Domingo, 2 de mar\u00e7o<\/p>\n<ul class=\"wp-block-list\">\n<li>12h00 \u2013 Bloco de Luai com Orquestra de Frevo e banho de carro-pipa, percorrendo as principais ruas da cidade.<\/li>\n<li>15h00 \u2013 Shows de Vitor Santana e Rafa Bacana.<\/li>\n<\/ul>\n<p>Segunda-feira, 3 de mar\u00e7o<\/p>\n<ul class=\"wp-block-list\">\n<li>12h00 \u2013 Bloco da Potyra pelas ruas da cidade.<\/li>\n<li>15h:00 \u2013 Pared\u00f5es de som.<\/li>\n<li>Em seguida, show com Buz\u00e3o da Farra.<\/li>\n<\/ul>\n<p>Ter\u00e7a-feira, 4 de mar\u00e7o<\/p>\n<ul class=\"wp-block-list\">\n<li>12h00 \u2013 Bloco Fronha Folia com Orquestra, banho de carro-pipa e distribui\u00e7\u00e3o de cerveja.<\/li>\n<li>16h00 \u2013 Clarissa e Mikaela.<\/li>\n<li>Em seguida, show da Banda Impacto X.<\/li>\n<\/ul>\n<p>O prefeito Jo\u00e3o Paulo Fran\u00e7a destacou a import\u00e2ncia do carnaval dentro do calend\u00e1rio cultural e econ\u00f4mico da cidade. \u201cQueremos fortalecer nossas tradi\u00e7\u00f5es e proporcionar momentos de lazer e alegria para a popula\u00e7\u00e3o. Al\u00e9m disso, o carnaval movimenta a economia local, beneficiando comerciantes, ambulantes e toda a cadeia produtiva do turismo\u201d, afirmou.<\/p>\n<p>Com uma estrutura planejada para garantir seguran\u00e7a e organiza\u00e7\u00e3o, o Carnaval 2025 de Barra de S\u00e3o Miguel promete marcar o retorno dessa grande festa ao calend\u00e1rio de eventos do munic\u00edpio.<\/p>\n","protected":false},"excerpt":{"rendered":"<p>O munic\u00edpio de Barra de S\u00e3o Miguel est\u00e1 pronto para reviver a tradi\u00e7\u00e3o do seu carnaval! A gest\u00e3o do prefeito Jo\u00e3o Paulo Fran\u00e7a, por meio de sua equipe, organizou uma programa\u00e7\u00e3o especial para a festa, que come\u00e7a nesta sexta-feira (28 de fevereiro), com o esquenta de carnaval, e segue at\u00e9 a ter\u00e7a-feira de carnaval (4 de mar\u00e7o). Este ano, o evento faz parte do calend\u00e1rio Viva Barra o Ano Inteiro, uma iniciativa que visa fortalecer o turismo, a cultura e a economia local, promovendo eventos ao longo de todo o ano. Com essa proposta, a prefeitura busca incentivar o com\u00e9rcio, a gastronomia e a valoriza\u00e7\u00e3o das tradi\u00e7\u00f5es do munic\u00edpio. A festa contar\u00e1 com blocos carnavalescos, os tradicionais bonecos de Olinda, al\u00e9m de um banho de carnaval com chuveiros e carros-pipa para refrescar os foli\u00f5es. A anima\u00e7\u00e3o ficar\u00e1 por conta da orquestra de frevo e outras atra\u00e7\u00f5es regionais, garantindo muita m\u00fasica e divers\u00e3o. Confira a programa\u00e7\u00e3o completa: Sexta-feira, 28 de fevereiro 18h00 \u2013 Concentra\u00e7\u00e3o no Alto da Bela Vista com a Orquestra para um ensaio\/esquenta. Em seguida, o bloco percorre as ruas da cidade em dire\u00e7\u00e3o ao Bar do Amaury. S\u00e1bado, 1\u00ba de mar\u00e7o 17h00 \u2013 Concentra\u00e7\u00e3o da Assist\u00eancia Social (Bloco da Saudade). 20h00 \u2013 Orquestra de Frevo Em seguida, show da Orquestra Voo Livre. Domingo, 2 de mar\u00e7o 12h00 \u2013 Bloco de Luai com Orquestra de Frevo e banho de carro-pipa, percorrendo as principais ruas da cidade. 15h00 \u2013 Shows de Vitor Santana e Rafa Bacana. Segunda-feira, 3 de mar\u00e7o 12h00 \u2013 Bloco da Potyra pelas ruas da cidade. 15h:00 \u2013 Pared\u00f5es de som. Em seguida, show com Buz\u00e3o da Farra. Ter\u00e7a-feira, 4 de mar\u00e7o 12h00 \u2013 Bloco Fronha Folia com Orquestra, banho de carro-pipa e distribui\u00e7\u00e3o de cerveja. 16h00 \u2013 Clarissa e Mikaela. Em seguida, show da Banda Impacto X. O prefeito Jo\u00e3o Paulo Fran\u00e7a destacou a import\u00e2ncia do carnaval dentro do calend\u00e1rio cultural e econ\u00f4mico da cidade. \u201cQueremos fortalecer nossas tradi\u00e7\u00f5es e proporcionar momentos de lazer e alegria para a popula\u00e7\u00e3o. Al\u00e9m disso, o carnaval movimenta a economia local, beneficiando comerciantes, ambulantes e toda a cadeia produtiva do turismo\u201d, afirmou. Com uma estrutura planejada para garantir seguran\u00e7a e organiza\u00e7\u00e3o, o Carnaval 2025 de Barra de S\u00e3o Miguel promete marcar o retorno dessa grande festa ao calend\u00e1rio de eventos do munic\u00edpio.<\/p>\n","protected":false},"author":6,"featured_media":296423,"comment_status":"closed","ping_status":"closed","sticky":false,"template":"","format":"standard","meta":{"sfsi_plus_gutenberg_text_before_share":"","sfsi_plus_gutenberg_show_text_before_share":"","sfsi_plus_gutenberg_icon_type":"","sfsi_plus_gutenberg_icon_alignemt":"","sfsi_plus_gutenburg_max_per_row":"","footnotes":""},"categories":[144,50,2],"tags":[],"class_list":["post-296422","post","type-post","status-publish","format-standard","has-post-thumbnail","hentry","category-barra-de-sao-miguel","category-destaque","category-geral"],"_links":{"self":[{"href":"https:\/\/www.caririemacao.com\/1\/wp-json\/wp\/v2\/posts\/296422","targetHints":{"allow":["GET"]}}],"collection":[{"href":"https:\/\/www.caririemacao.com\/1\/wp-json\/wp\/v2\/posts"}],"about":[{"href":"https:\/\/www.caririemacao.com\/1\/wp-json\/wp\/v2\/types\/post"}],"author":[{"embeddable":true,"href":"https:\/\/www.caririemacao.com\/1\/wp-json\/wp\/v2\/users\/6"}],"replies":[{"embeddable":true,"href":"https:\/\/www.caririemacao.com\/1\/wp-json\/wp\/v2\/comments?post=296422"}],"version-history":[{"count":1,"href":"https:\/\/www.caririemacao.com\/1\/wp-json\/wp\/v2\/posts\/296422\/revisions"}],"predecessor-version":[{"id":296424,"href":"https:\/\/www.caririemacao.com\/1\/wp-json\/wp\/v2\/posts\/296422\/revisions\/296424"}],"wp:featuredmedia":[{"embeddable":true,"href":"https:\/\/www.caririemacao.com\/1\/wp-json\/wp\/v2\/media\/296423"}],"wp:attachment":[{"href":"https:\/\/www.caririemacao.com\/1\/wp-json\/wp\/v2\/media?parent=296422"}],"wp:term":[{"taxonomy":"category","embeddable":true,"href":"https:\/\/www.caririemacao.com\/1\/wp-json\/wp\/v2\/categories?post=296422"},{"taxonomy":"post_tag","embeddable":true,"href":"https:\/\/www.caririemacao.com\/1\/wp-json\/wp\/v2\/tags?post=296422"}],"curies":[{"name":"wp","href":"https:\/\/api.w.org\/{rel}","templated":true}]}}