{"id":296635,"date":"2025-03-03T09:46:44","date_gmt":"2025-03-03T12:46:44","guid":{"rendered":"https:\/\/www.caririemacao.com\/1\/?p=296635"},"modified":"2025-03-03T09:46:44","modified_gmt":"2025-03-03T12:46:44","slug":"tigre-fest-carnaval-de-sao-joao-do-tigre-atrai-grande-publico-e-e-sucesso-no-primeiro-dia","status":"publish","type":"post","link":"https:\/\/www.caririemacao.com\/1\/2025\/03\/03\/tigre-fest-carnaval-de-sao-joao-do-tigre-atrai-grande-publico-e-e-sucesso-no-primeiro-dia\/","title":{"rendered":"Tigre Fest: Carnaval de S\u00e3o Jo\u00e3o do Tigre atrai grande p\u00fablico e \u00e9 sucesso no primeiro dia"},"content":{"rendered":"<p data-start=\"96\" data-end=\"478\"><span>O carnaval de S\u00e3o Jo\u00e3o do Tigre, conhecido como Tigre Fest, teve in\u00edcio na noite do \u00faltimo domingo (02) com uma grande festa que contou com apresenta\u00e7\u00f5es de Jhonny Garotinho e da banda Companhia do Calypso. O evento, que vem consolidando ao longo dos anos como um dos maiores do estado da Para\u00edba, atraiu um p\u00fablico expressivo, que lotou as ruas e pra\u00e7as da cidade para curtir a folia.<\/span><\/p>\n<p data-start=\"480\" data-end=\"796\"><span>O Tigre Fest se destaca por sua crescente popularidade e por ser um importante atrativo tur\u00edstico e cultural da regi\u00e3o, atraindo pessoas de diversas partes da Para\u00edba e de estados vizinhos.<\/span><\/p>\n<p data-start=\"798\" data-end=\"1051\"><span>Para garantir a seguran\u00e7a de todos, o evento conta com um robusto esquema de seguran\u00e7a, com apoio da Pol\u00edcia Militar, Corpo de Bombeiros, Seguran\u00e7a Privada e o Samu, que trabalham juntos para oferecer tranquilidade aos foli\u00f5es e aos moradores da cidade.<\/span><\/p>\n<p data-start=\"1053\" data-end=\"1617\"><span>Em seu discurso, a prefeita interina de S\u00e3o Jo\u00e3o do Tigre, Aucilene Tutu, comemorou o sucesso do primeiro dia de evento e agradeceu \u00e0 popula\u00e7\u00e3o e aos visitantes pela presen\u00e7a e entusiasmo. <\/span><\/p>\n<p data-start=\"1053\" data-end=\"1617\"><span>\u201cO Tigre Fest j\u00e1 \u00e9 uma tradi\u00e7\u00e3o que tem levado o nome de S\u00e3o Jo\u00e3o do Tigre a v\u00e1rios lugares da Para\u00edba. Estamos muito felizes com a participa\u00e7\u00e3o de todos e com o sucesso do primeiro dia dessa grande festa. Agradecemos a todos os envolvidos na organiza\u00e7\u00e3o e seguran\u00e7a, que garantiram que nosso carnaval fosse um momento de alegria e tranquilidade para todos\u201d, disse a prefeita.<\/span><\/p>\n<p data-start=\"1053\" data-end=\"1617\">A festa segue nesta segunda-feira (03), com shows de Hobby e Bruno Fernandes a partir das 18 horas.<\/p>\n<p data-start=\"1053\" data-end=\"1617\"><strong>CARIRI EM A\u00c7\u00c3O<\/strong><\/p>\n","protected":false},"excerpt":{"rendered":"<p>O carnaval de S\u00e3o Jo\u00e3o do Tigre, conhecido como Tigre Fest, teve in\u00edcio na noite do \u00faltimo domingo (02) com uma grande festa que contou&hellip; <\/p>\n","protected":false},"author":6,"featured_media":296636,"comment_status":"closed","ping_status":"closed","sticky":false,"template":"","format":"standard","meta":{"sfsi_plus_gutenberg_text_before_share":"","sfsi_plus_gutenberg_show_text_before_share":"","sfsi_plus_gutenberg_icon_type":"","sfsi_plus_gutenberg_icon_alignemt":"","sfsi_plus_gutenburg_max_per_row":"","footnotes":""},"categories":[50,2,89],"tags":[],"class_list":["post-296635","post","type-post","status-publish","format-standard","has-post-thumbnail","hentry","category-destaque","category-geral","category-sao-joao-do-tigre"],"_links":{"self":[{"href":"https:\/\/www.caririemacao.com\/1\/wp-json\/wp\/v2\/posts\/296635","targetHints":{"allow":["GET"]}}],"collection":[{"href":"https:\/\/www.caririemacao.com\/1\/wp-json\/wp\/v2\/posts"}],"about":[{"href":"https:\/\/www.caririemacao.com\/1\/wp-json\/wp\/v2\/types\/post"}],"author":[{"embeddable":true,"href":"https:\/\/www.caririemacao.com\/1\/wp-json\/wp\/v2\/users\/6"}],"replies":[{"embeddable":true,"href":"https:\/\/www.caririemacao.com\/1\/wp-json\/wp\/v2\/comments?post=296635"}],"version-history":[{"count":1,"href":"https:\/\/www.caririemacao.com\/1\/wp-json\/wp\/v2\/posts\/296635\/revisions"}],"predecessor-version":[{"id":296637,"href":"https:\/\/www.caririemacao.com\/1\/wp-json\/wp\/v2\/posts\/296635\/revisions\/296637"}],"wp:featuredmedia":[{"embeddable":true,"href":"https:\/\/www.caririemacao.com\/1\/wp-json\/wp\/v2\/media\/296636"}],"wp:attachment":[{"href":"https:\/\/www.caririemacao.com\/1\/wp-json\/wp\/v2\/media?parent=296635"}],"wp:term":[{"taxonomy":"category","embeddable":true,"href":"https:\/\/www.caririemacao.com\/1\/wp-json\/wp\/v2\/categories?post=296635"},{"taxonomy":"post_tag","embeddable":true,"href":"https:\/\/www.caririemacao.com\/1\/wp-json\/wp\/v2\/tags?post=296635"}],"curies":[{"name":"wp","href":"https:\/\/api.w.org\/{rel}","templated":true}]}}