{"id":296705,"date":"2025-03-05T13:16:15","date_gmt":"2025-03-05T16:16:15","guid":{"rendered":"https:\/\/www.caririemacao.com\/1\/?p=296705"},"modified":"2025-03-05T13:16:15","modified_gmt":"2025-03-05T16:16:15","slug":"bombeiros-encontram-corpo-de-jovem-desaparecido-em-rio-de-caraubas","status":"publish","type":"post","link":"https:\/\/www.caririemacao.com\/1\/2025\/03\/05\/bombeiros-encontram-corpo-de-jovem-desaparecido-em-rio-de-caraubas\/","title":{"rendered":"Bombeiros encontram corpo de jovem desaparecido em rio de Cara\u00fabas"},"content":{"rendered":"<p>Um jovem identificado como Jefferson Guilherme, natural de Santa Cruz do Capibaribe, morreu afogado no Rio Para\u00edba, no trecho conhecido como Po\u00e7o do Cangati, na cidade de Cara\u00fabas.<\/p>\n<p>Jefferson foi visto pela \u00faltima vez na tarde de ter\u00e7a-feira (04), por volta das 15h. Desde ent\u00e3o, familiares e amigos mobilizaram buscas, acionando o Corpo de Bombeiros. Ap\u00f3s intensos esfor\u00e7os, a equipe de resgate localizou o corpo no in\u00edcio da tarde desta quarta-feira de Cinzas (05).<\/p>\n<p>Familiares do jovem estiveram no local, acompanhando o trabalho dos bombeiros. As circunst\u00e2ncias exatas do afogamento ainda n\u00e3o foram esclarecidas. O caso ser\u00e1 registrado pelas autoridades competentes.<\/p>\n<p>O corpo de Jefferson Guilherme dever\u00e1 passar por exames no Instituto de Medicina Legal (IML) antes de ser liberado para o sepultamento.<\/p>\n<div class=\"wp-block-embed__wrapper\"><\/div>\n<div><\/div>\n<div><strong>CARIRI EM A\u00c7\u00c3O<\/strong><\/div>\n<div><\/div>\n<div><em>Com Blog do Bruno Lira<\/em><\/div>\n","protected":false},"excerpt":{"rendered":"<p>Um jovem identificado como Jefferson Guilherme, natural de Santa Cruz do Capibaribe, morreu afogado no Rio Para\u00edba, no trecho conhecido como Po\u00e7o do Cangati, na cidade de Cara\u00fabas. Jefferson foi visto pela \u00faltima vez na tarde de ter\u00e7a-feira (04), por volta das 15h. Desde ent\u00e3o, familiares e amigos mobilizaram buscas, acionando o Corpo de Bombeiros. Ap\u00f3s intensos esfor\u00e7os, a equipe de resgate localizou o corpo no in\u00edcio da tarde desta quarta-feira de Cinzas (05). Familiares do jovem estiveram no local, acompanhando o trabalho dos bombeiros. As circunst\u00e2ncias exatas do afogamento ainda n\u00e3o foram esclarecidas. O caso ser\u00e1 registrado pelas autoridades competentes. O corpo de Jefferson Guilherme dever\u00e1 passar por exames no Instituto de Medicina Legal (IML) antes de ser liberado para o sepultamento. CARIRI EM A\u00c7\u00c3O Com Blog do Bruno Lira<\/p>\n","protected":false},"author":6,"featured_media":296706,"comment_status":"closed","ping_status":"closed","sticky":false,"template":"","format":"standard","meta":{"sfsi_plus_gutenberg_text_before_share":"","sfsi_plus_gutenberg_show_text_before_share":"","sfsi_plus_gutenberg_icon_type":"","sfsi_plus_gutenberg_icon_alignemt":"","sfsi_plus_gutenburg_max_per_row":"","footnotes":""},"categories":[73,50,2,12],"tags":[],"class_list":["post-296705","post","type-post","status-publish","format-standard","has-post-thumbnail","hentry","category-caraubas","category-destaque","category-geral","category-policia"],"_links":{"self":[{"href":"https:\/\/www.caririemacao.com\/1\/wp-json\/wp\/v2\/posts\/296705","targetHints":{"allow":["GET"]}}],"collection":[{"href":"https:\/\/www.caririemacao.com\/1\/wp-json\/wp\/v2\/posts"}],"about":[{"href":"https:\/\/www.caririemacao.com\/1\/wp-json\/wp\/v2\/types\/post"}],"author":[{"embeddable":true,"href":"https:\/\/www.caririemacao.com\/1\/wp-json\/wp\/v2\/users\/6"}],"replies":[{"embeddable":true,"href":"https:\/\/www.caririemacao.com\/1\/wp-json\/wp\/v2\/comments?post=296705"}],"version-history":[{"count":1,"href":"https:\/\/www.caririemacao.com\/1\/wp-json\/wp\/v2\/posts\/296705\/revisions"}],"predecessor-version":[{"id":296707,"href":"https:\/\/www.caririemacao.com\/1\/wp-json\/wp\/v2\/posts\/296705\/revisions\/296707"}],"wp:featuredmedia":[{"embeddable":true,"href":"https:\/\/www.caririemacao.com\/1\/wp-json\/wp\/v2\/media\/296706"}],"wp:attachment":[{"href":"https:\/\/www.caririemacao.com\/1\/wp-json\/wp\/v2\/media?parent=296705"}],"wp:term":[{"taxonomy":"category","embeddable":true,"href":"https:\/\/www.caririemacao.com\/1\/wp-json\/wp\/v2\/categories?post=296705"},{"taxonomy":"post_tag","embeddable":true,"href":"https:\/\/www.caririemacao.com\/1\/wp-json\/wp\/v2\/tags?post=296705"}],"curies":[{"name":"wp","href":"https:\/\/api.w.org\/{rel}","templated":true}]}}