{"id":296916,"date":"2025-03-11T10:09:34","date_gmt":"2025-03-11T13:09:34","guid":{"rendered":"https:\/\/www.caririemacao.com\/1\/?p=296916"},"modified":"2025-03-11T10:09:55","modified_gmt":"2025-03-11T13:09:55","slug":"homem-e-investigado-por-armazenar-conteudos-de-pornografia-infantil-em-joao-pessoa","status":"publish","type":"post","link":"https:\/\/www.caririemacao.com\/1\/2025\/03\/11\/homem-e-investigado-por-armazenar-conteudos-de-pornografia-infantil-em-joao-pessoa\/","title":{"rendered":"Homem \u00e9 investigado por armazenar conte\u00fados de pornografia infantil em Jo\u00e3o Pessoa"},"content":{"rendered":"<div class=\"subtitulo mb-3\"><em><strong>De acordo com as investiga\u00e7\u00f5es, que come\u00e7aram em 2024, o homem \u00e9 t\u00e9cnico de inform\u00e1tica, e baixava diversos arquivos em aparelhos celulares.<\/strong><\/em><\/div>\n<div><\/div>\n<div>\n<p>Um homem de 41 anos est\u00e1 sendo investigado por armazenar conte\u00fados de pornografia infantil, em Jo\u00e3o Pessoa. Ele foi alvo de um mandado de busca e apreens\u00e3o na manh\u00e3 desta ter\u00e7a-feira (11).<\/p>\n<p>De acordo com as investiga\u00e7\u00f5es, que come\u00e7aram em 2024, o homem \u00e9 t\u00e9cnico de inform\u00e1tica, e baixava diversos arquivos em aparelhos celulares. O delegado Jo\u00e3o Ricardo, da Delegacia de Crimes Cibern\u00e9ticos, afirmou que foram encontrados mais de 300 arquivos contendo imagens expl\u00edcitas de crian\u00e7as e adolescentes.<\/p>\n<p>As investiga\u00e7\u00f5es seguem para averiguar se os conte\u00fados que o investigado armazenava eram para venda ou conte\u00fado pr\u00f3prio, al\u00e9m de identificar se existem outros crimes relacionados.<\/p>\n<p>FONTE: Portal Correio<\/p>\n<\/div>\n","protected":false},"excerpt":{"rendered":"<p>De acordo com as investiga\u00e7\u00f5es, que come\u00e7aram em 2024, o homem \u00e9 t\u00e9cnico de inform\u00e1tica, e baixava diversos arquivos em aparelhos celulares. Um homem de 41 anos est\u00e1 sendo investigado por armazenar conte\u00fados de pornografia infantil, em Jo\u00e3o Pessoa. Ele foi alvo de um mandado de busca e apreens\u00e3o na manh\u00e3 desta ter\u00e7a-feira (11). De acordo com as investiga\u00e7\u00f5es, que come\u00e7aram em 2024, o homem \u00e9 t\u00e9cnico de inform\u00e1tica, e baixava diversos arquivos em aparelhos celulares. O delegado Jo\u00e3o Ricardo, da Delegacia de Crimes Cibern\u00e9ticos, afirmou que foram encontrados mais de 300 arquivos contendo imagens expl\u00edcitas de crian\u00e7as e adolescentes. As investiga\u00e7\u00f5es seguem para averiguar se os conte\u00fados que o investigado armazenava eram para venda ou conte\u00fado pr\u00f3prio, al\u00e9m de identificar se existem outros crimes relacionados. FONTE: Portal Correio<\/p>\n","protected":false},"author":6,"featured_media":296917,"comment_status":"closed","ping_status":"closed","sticky":false,"template":"","format":"standard","meta":{"sfsi_plus_gutenberg_text_before_share":"","sfsi_plus_gutenberg_show_text_before_share":"","sfsi_plus_gutenberg_icon_type":"","sfsi_plus_gutenberg_icon_alignemt":"","sfsi_plus_gutenburg_max_per_row":"","footnotes":""},"categories":[50,115],"tags":[],"class_list":["post-296916","post","type-post","status-publish","format-standard","has-post-thumbnail","hentry","category-destaque","category-joao-pessoa"],"_links":{"self":[{"href":"https:\/\/www.caririemacao.com\/1\/wp-json\/wp\/v2\/posts\/296916","targetHints":{"allow":["GET"]}}],"collection":[{"href":"https:\/\/www.caririemacao.com\/1\/wp-json\/wp\/v2\/posts"}],"about":[{"href":"https:\/\/www.caririemacao.com\/1\/wp-json\/wp\/v2\/types\/post"}],"author":[{"embeddable":true,"href":"https:\/\/www.caririemacao.com\/1\/wp-json\/wp\/v2\/users\/6"}],"replies":[{"embeddable":true,"href":"https:\/\/www.caririemacao.com\/1\/wp-json\/wp\/v2\/comments?post=296916"}],"version-history":[{"count":1,"href":"https:\/\/www.caririemacao.com\/1\/wp-json\/wp\/v2\/posts\/296916\/revisions"}],"predecessor-version":[{"id":296918,"href":"https:\/\/www.caririemacao.com\/1\/wp-json\/wp\/v2\/posts\/296916\/revisions\/296918"}],"wp:featuredmedia":[{"embeddable":true,"href":"https:\/\/www.caririemacao.com\/1\/wp-json\/wp\/v2\/media\/296917"}],"wp:attachment":[{"href":"https:\/\/www.caririemacao.com\/1\/wp-json\/wp\/v2\/media?parent=296916"}],"wp:term":[{"taxonomy":"category","embeddable":true,"href":"https:\/\/www.caririemacao.com\/1\/wp-json\/wp\/v2\/categories?post=296916"},{"taxonomy":"post_tag","embeddable":true,"href":"https:\/\/www.caririemacao.com\/1\/wp-json\/wp\/v2\/tags?post=296916"}],"curies":[{"name":"wp","href":"https:\/\/api.w.org\/{rel}","templated":true}]}}