{"id":297602,"date":"2025-03-27T19:51:38","date_gmt":"2025-03-27T22:51:38","guid":{"rendered":"https:\/\/www.caririemacao.com\/1\/?p=297602"},"modified":"2025-03-27T19:51:38","modified_gmt":"2025-03-27T22:51:38","slug":"prefeito-fernando-aires-manifesta-indignacao-por-exclusao-de-boa-vista-do-garantia-safra","status":"publish","type":"post","link":"https:\/\/www.caririemacao.com\/1\/2025\/03\/27\/prefeito-fernando-aires-manifesta-indignacao-por-exclusao-de-boa-vista-do-garantia-safra\/","title":{"rendered":"Prefeito Fernando Aires manifesta indigna\u00e7\u00e3o por exclus\u00e3o de Boa Vista do Garantia Safra"},"content":{"rendered":"<p>O prefeito de Boa Vista, Fernando Aires, declarou indigna\u00e7\u00e3o pela retirada da cidade do Programa Garantia Safra 2023\/2024. A exclus\u00e3o afeta um contingente superior a 300 fam\u00edlias e segundo o prefeito, precisa ser revista em defesa dos pequenos agricultores e da produ\u00e7\u00e3o agr\u00edcola da cidade do cariri paraibano.<\/p>\n<p>De acordo com ele, o cen\u00e1rio de estiagem que afetou a lavoura \u00e9 inquestion\u00e1vel, e os agricultores precisam do recurso para amenizar o impacto negativo que tiveram com as perdas de produ\u00e7\u00e3o.<\/p>\n<p>Fernando Aires disse que a gest\u00e3o municipal ir\u00e1 acionar os \u00f3rg\u00e3os cab\u00edveis para reverter a decis\u00e3o. \u201cN\u00e3o podemos aceitar uma injusti\u00e7a como esta, pois a retirada de Boa Vista do programa deixa nossos agricultores sem um direito que eles t\u00eam, aumentando os desafios impostos pela estiagem\u201d, disse.<\/p>\n<p>Na Para\u00edba, dos 175 munic\u00edpios que aderiram ao Garantia Safra 2023\/2024, 108 tiveram perda decretada e 65 n\u00e3o tiveram este reconhecimento, dentre eles Boa Vista, um dos munic\u00edpios com menor \u00edndice pluviom\u00e9trico do estado.<\/p>\n","protected":false},"excerpt":{"rendered":"<p>O prefeito de Boa Vista, Fernando Aires, declarou indigna\u00e7\u00e3o pela retirada da cidade do Programa Garantia Safra 2023\/2024. A exclus\u00e3o afeta um contingente superior a 300 fam\u00edlias e segundo o prefeito, precisa ser revista em defesa dos pequenos agricultores e da produ\u00e7\u00e3o agr\u00edcola da cidade do cariri paraibano. De acordo com ele, o cen\u00e1rio de estiagem que afetou a lavoura \u00e9 inquestion\u00e1vel, e os agricultores precisam do recurso para amenizar o impacto negativo que tiveram com as perdas de produ\u00e7\u00e3o. Fernando Aires disse que a gest\u00e3o municipal ir\u00e1 acionar os \u00f3rg\u00e3os cab\u00edveis para reverter a decis\u00e3o. \u201cN\u00e3o podemos aceitar uma injusti\u00e7a como esta, pois a retirada de Boa Vista do programa deixa nossos agricultores sem um direito que eles t\u00eam, aumentando os desafios impostos pela estiagem\u201d, disse. Na Para\u00edba, dos 175 munic\u00edpios que aderiram ao Garantia Safra 2023\/2024, 108 tiveram perda decretada e 65 n\u00e3o tiveram este reconhecimento, dentre eles Boa Vista, um dos munic\u00edpios com menor \u00edndice pluviom\u00e9trico do estado.<\/p>\n","protected":false},"author":6,"featured_media":297603,"comment_status":"closed","ping_status":"closed","sticky":false,"template":"","format":"standard","meta":{"sfsi_plus_gutenberg_text_before_share":"","sfsi_plus_gutenberg_show_text_before_share":"","sfsi_plus_gutenberg_icon_type":"","sfsi_plus_gutenberg_icon_alignemt":"","sfsi_plus_gutenburg_max_per_row":"","footnotes":""},"categories":[158,50,2],"tags":[],"class_list":["post-297602","post","type-post","status-publish","format-standard","has-post-thumbnail","hentry","category-boa-vista-2","category-destaque","category-geral"],"_links":{"self":[{"href":"https:\/\/www.caririemacao.com\/1\/wp-json\/wp\/v2\/posts\/297602","targetHints":{"allow":["GET"]}}],"collection":[{"href":"https:\/\/www.caririemacao.com\/1\/wp-json\/wp\/v2\/posts"}],"about":[{"href":"https:\/\/www.caririemacao.com\/1\/wp-json\/wp\/v2\/types\/post"}],"author":[{"embeddable":true,"href":"https:\/\/www.caririemacao.com\/1\/wp-json\/wp\/v2\/users\/6"}],"replies":[{"embeddable":true,"href":"https:\/\/www.caririemacao.com\/1\/wp-json\/wp\/v2\/comments?post=297602"}],"version-history":[{"count":1,"href":"https:\/\/www.caririemacao.com\/1\/wp-json\/wp\/v2\/posts\/297602\/revisions"}],"predecessor-version":[{"id":297604,"href":"https:\/\/www.caririemacao.com\/1\/wp-json\/wp\/v2\/posts\/297602\/revisions\/297604"}],"wp:featuredmedia":[{"embeddable":true,"href":"https:\/\/www.caririemacao.com\/1\/wp-json\/wp\/v2\/media\/297603"}],"wp:attachment":[{"href":"https:\/\/www.caririemacao.com\/1\/wp-json\/wp\/v2\/media?parent=297602"}],"wp:term":[{"taxonomy":"category","embeddable":true,"href":"https:\/\/www.caririemacao.com\/1\/wp-json\/wp\/v2\/categories?post=297602"},{"taxonomy":"post_tag","embeddable":true,"href":"https:\/\/www.caririemacao.com\/1\/wp-json\/wp\/v2\/tags?post=297602"}],"curies":[{"name":"wp","href":"https:\/\/api.w.org\/{rel}","templated":true}]}}