{"id":297799,"date":"2025-04-02T17:22:09","date_gmt":"2025-04-02T20:22:09","guid":{"rendered":"https:\/\/www.caririemacao.com\/1\/?p=297799"},"modified":"2025-04-02T17:22:09","modified_gmt":"2025-04-02T20:22:09","slug":"sao-joao-do-cariri-inaugura-sala-para-atendimento-especializado-a-criancas-com-autismo","status":"publish","type":"post","link":"https:\/\/www.caririemacao.com\/1\/2025\/04\/02\/sao-joao-do-cariri-inaugura-sala-para-atendimento-especializado-a-criancas-com-autismo\/","title":{"rendered":"S\u00e3o Jo\u00e3o do Cariri inaugura sala para atendimento especializado a crian\u00e7as com Autismo"},"content":{"rendered":"<p>A Prefeitura de S\u00e3o Jo\u00e3o do Cariri inaugurou, nesta quarta-feira (2), a nova sala da equipe multidisciplinar na Policl\u00ednica Municipal. O espa\u00e7o foi criado para oferecer atendimento especializado \u00e0s crian\u00e7as com autismo, fortalecendo o suporte e a inclus\u00e3o desses pacientes no sistema de sa\u00fade do munic\u00edpio.<\/p>\n<p>O evento contou com a presen\u00e7a do prefeito Chico de Eulina, al\u00e9m de secret\u00e1rios municipais e representantes do poder legislativo. Durante a inaugura\u00e7\u00e3o, o gestor destacou a import\u00e2ncia da iniciativa para garantir acolhimento e qualidade de vida \u00e0s fam\u00edlias que necessitam desse atendimento especializado.<\/p>\n<p>A nova estrutura faz parte das a\u00e7\u00f5es da Secretaria de Sa\u00fade para aprimorar os servi\u00e7os oferecidos \u00e0 popula\u00e7\u00e3o, garantindo um acompanhamento mais completo e humanizado \u00e0s crian\u00e7as com Transtorno do Espectro Autista (TEA).<\/p>\n<p>Al\u00e9m do atendimento cl\u00ednico, a equipe multidisciplinar atuar\u00e1 com terapias e orienta\u00e7\u00f5es voltadas ao desenvolvimento das crian\u00e7as, oferecendo suporte tamb\u00e9m aos familiares. A iniciativa refor\u00e7a o compromisso da gest\u00e3o municipal com a inclus\u00e3o e a melhoria dos servi\u00e7os de sa\u00fade, promovendo um ambiente mais acess\u00edvel e acolhedor para todos.<\/p>\n<p>&nbsp;<\/p>\n<p>&nbsp;<\/p>\n<p><strong>CARIRI EM A\u00c7\u00c3O<\/strong><\/p>\n<p><em>Com De Olho no Cariri<\/em><\/p>\n","protected":false},"excerpt":{"rendered":"<p>A Prefeitura de S\u00e3o Jo\u00e3o do Cariri inaugurou, nesta quarta-feira (2), a nova sala da equipe multidisciplinar na Policl\u00ednica Municipal. O espa\u00e7o foi criado para&hellip; <\/p>\n","protected":false},"author":6,"featured_media":297800,"comment_status":"closed","ping_status":"closed","sticky":false,"template":"","format":"standard","meta":{"sfsi_plus_gutenberg_text_before_share":"","sfsi_plus_gutenberg_show_text_before_share":"","sfsi_plus_gutenberg_icon_type":"","sfsi_plus_gutenberg_icon_alignemt":"","sfsi_plus_gutenburg_max_per_row":"","footnotes":""},"categories":[50,2,88],"tags":[],"class_list":["post-297799","post","type-post","status-publish","format-standard","has-post-thumbnail","hentry","category-destaque","category-geral","category-sao-joao-do-cariri"],"_links":{"self":[{"href":"https:\/\/www.caririemacao.com\/1\/wp-json\/wp\/v2\/posts\/297799","targetHints":{"allow":["GET"]}}],"collection":[{"href":"https:\/\/www.caririemacao.com\/1\/wp-json\/wp\/v2\/posts"}],"about":[{"href":"https:\/\/www.caririemacao.com\/1\/wp-json\/wp\/v2\/types\/post"}],"author":[{"embeddable":true,"href":"https:\/\/www.caririemacao.com\/1\/wp-json\/wp\/v2\/users\/6"}],"replies":[{"embeddable":true,"href":"https:\/\/www.caririemacao.com\/1\/wp-json\/wp\/v2\/comments?post=297799"}],"version-history":[{"count":1,"href":"https:\/\/www.caririemacao.com\/1\/wp-json\/wp\/v2\/posts\/297799\/revisions"}],"predecessor-version":[{"id":297801,"href":"https:\/\/www.caririemacao.com\/1\/wp-json\/wp\/v2\/posts\/297799\/revisions\/297801"}],"wp:featuredmedia":[{"embeddable":true,"href":"https:\/\/www.caririemacao.com\/1\/wp-json\/wp\/v2\/media\/297800"}],"wp:attachment":[{"href":"https:\/\/www.caririemacao.com\/1\/wp-json\/wp\/v2\/media?parent=297799"}],"wp:term":[{"taxonomy":"category","embeddable":true,"href":"https:\/\/www.caririemacao.com\/1\/wp-json\/wp\/v2\/categories?post=297799"},{"taxonomy":"post_tag","embeddable":true,"href":"https:\/\/www.caririemacao.com\/1\/wp-json\/wp\/v2\/tags?post=297799"}],"curies":[{"name":"wp","href":"https:\/\/api.w.org\/{rel}","templated":true}]}}