{"id":297905,"date":"2025-04-04T11:59:03","date_gmt":"2025-04-04T14:59:03","guid":{"rendered":"https:\/\/www.caririemacao.com\/1\/?p=297905"},"modified":"2025-04-04T11:59:03","modified_gmt":"2025-04-04T14:59:03","slug":"ipea-aumento-do-trabalho-informal-esta-ligado-a-baixa-fiscalizacao","status":"publish","type":"post","link":"https:\/\/www.caririemacao.com\/1\/2025\/04\/04\/ipea-aumento-do-trabalho-informal-esta-ligado-a-baixa-fiscalizacao\/","title":{"rendered":"Ipea: aumento do trabalho informal est\u00e1 ligado \u00e0 baixa fiscaliza\u00e7\u00e3o"},"content":{"rendered":"<div class=\"header-noticia full-width\">\n<div class=\"linha-fina-noticia\" style=\"text-align: center;\"><em><strong>Relat\u00f3rio mostra n\u00famero insuficiente de auditores fiscais no pa\u00eds<\/strong><\/em><\/div>\n<\/div>\n<div class=\"container-autoria\" style=\"text-align: center;\"><\/div>\n<div><\/div>\n<div>\n<p>Estudo do Instituto de Pesquisa Econ\u00f4mica Aplicada (Ipea) relaciona a taxa elevada de trabalho informal no pa\u00eds com a queda da capacidade do Estado de garantir o cumprimento da legisla\u00e7\u00e3o trabalhista. A nota t\u00e9cnica se chama \u201cCrescimento sem formaliza\u00e7\u00e3o do trabalho: d\u00e9ficit de capacidade fiscalizat\u00f3ria e necessidade de recomposi\u00e7\u00e3o da burocracia especializada\u201d.<img decoding=\"async\" data-src=\"https:\/\/agenciabrasil.ebc.com.br\/ebc.png?id=1637541&amp;o=node\" src=\"data:image\/svg+xml;base64,PHN2ZyB3aWR0aD0iMSIgaGVpZ2h0PSIxIiB4bWxucz0iaHR0cDovL3d3dy53My5vcmcvMjAwMC9zdmciPjwvc3ZnPg==\" class=\"lazyload\" \/><img decoding=\"async\" data-src=\"https:\/\/agenciabrasil.ebc.com.br\/ebc.gif?id=1637541&amp;o=node\" src=\"data:image\/svg+xml;base64,PHN2ZyB3aWR0aD0iMSIgaGVpZ2h0PSIxIiB4bWxucz0iaHR0cDovL3d3dy53My5vcmcvMjAwMC9zdmciPjwvc3ZnPg==\" class=\"lazyload\" \/><\/p>\n<p>Antes de 2022, o padr\u00e3o era de que a redu\u00e7\u00e3o do desemprego fosse acompanhada pelo aumento da taxa de formaliza\u00e7\u00e3o do trabalho. Ou seja, mais pessoas com a Carteira de Trabalho assinada. A exce\u00e7\u00e3o foi o per\u00edodo da pandemia de\u00a0covid-19.<\/p>\n<p>Em 2024, segundo dados do Instituto Brasileiro de Geografia e Estat\u00edstica (IBGE), a taxa de desemprego atingiu os menores n\u00edveis desde 2012: 6,6%. Mas a taxa de informalidade chegou a 31,77%, o maior percentual do per\u00edodo.<\/p>\n<p>O Ipea destaca o n\u00famero insuficiente de auditores fiscais do trabalho, ligados ao Minist\u00e9rio do Trabalho e Emprego (MET), para garantir que empregadores respeitem os direitos trabalhistas dos funcion\u00e1rios. Entre 2012 e 2024, o n\u00famero de trabalhadores assalariados cresceu 11,4%. No mesmo per\u00edodo, o n\u00famero de auditores do trabalho caiu 34,1%.<\/p>\n<p>Em n\u00fameros absolutos, em 2012\u00a0eram 19.038 trabalhadores assalariados por auditor. Em 2024, a propor\u00e7\u00e3o cresceu 79,95%, passando a ser de 34.260 trabalhadores por auditor,\u00a0n\u00famero inferior ao recomendado pela Organiza\u00e7\u00e3o Internacional do Trabalho (OIT), que \u00e9 de 10 ou 15 mil trabalhadores por auditor.<\/p>\n<p>O t\u00e9cnico de planejamento e pesquisa do Ipea Felipe Pateo,\u00a0autor do estudo, diz que a fiscaliza\u00e7\u00e3o dos auditores tem dois efeitos. Um direto, de fazer com que trabalhadores sem carteira assinada passem a ter o registro depois de uma a\u00e7\u00e3o fiscal,\u00a0\u00a0e\u00a0um indireto, em que o risco de ser fiscalizado fa\u00e7a com que empregadores n\u00e3o cometam irregularidades.<\/p>\n<blockquote><p>\u201cEsse risco, no entanto, caiu\u00a0ao longo dos anos. A chance de um estabelecimento com empregados ser fiscalizado caiu de 11,3% para 3,8% entre 2017 e 2023, de forma que o receio em ser fiscalizado passa a ser um ter\u00e7o do que foi no per\u00edodo anterior\u201d, diz Felipe.<\/p><\/blockquote>\n<p><strong>Segundo o estudo do Ipea, se forem contratados 1.800 novos auditores fiscais do trabalho, que \u00e9 todo o cadastro de aprovados do Concurso P\u00fablico Nacional Unificado, a arrecada\u00e7\u00e3o previdenci\u00e1ria e de multas administrativas aumentar\u00e1 para R$ 879 milh\u00f5es<\/strong>. O valor \u00e9 superior ao custo anual com as contrata\u00e7\u00f5es de funcion\u00e1rios, calculado em R$ 560 milh\u00f5es.<\/p>\n<p>O concurso para auditor fiscal do trabalho 2024-2025 convocou at\u00e9 agora 900 pessoas aprovadas nas vagas previstas em edital. Outros 900 est\u00e3o no cadastro de reserva.<\/p>\n<blockquote><p>\u201cPotenciais restri\u00e7\u00f5es or\u00e7ament\u00e1rias n\u00e3o deveriam ser argumentos dominantes quando se considera a necessidade de recomposi\u00e7\u00e3o da capacidade do Estado brasileiro de garantir a correta regula\u00e7\u00e3o do mercado de trabalho e a prote\u00e7\u00e3o do trabalhador em sintonia com a legisla\u00e7\u00e3o trabalhista vigente no pa\u00eds e os crit\u00e9rios t\u00e9cnicos internacionais\u201d, afirma o estudo.<\/p><\/blockquote>\n<p>A reportagem da\u00a0Ag\u00eancia Brasil\u00a0procurou o Minist\u00e9rio do Trabalho e Emprego\u00a0e o Sindicato Nacional dos Auditores Fiscais do Trabalho (Sinait) para comentarem o tema. Nenhum dos dois respondeu at\u00e9 o momento.<\/p>\n<p>FONTE: Ag\u00eancia Brasil<\/p>\n<\/div>\n","protected":false},"excerpt":{"rendered":"<p>Relat\u00f3rio mostra n\u00famero insuficiente de auditores fiscais no pa\u00eds Estudo do Instituto de Pesquisa Econ\u00f4mica Aplicada (Ipea) relaciona a taxa elevada de trabalho informal no&hellip; <\/p>\n","protected":false},"author":6,"featured_media":297906,"comment_status":"closed","ping_status":"closed","sticky":false,"template":"","format":"standard","meta":{"sfsi_plus_gutenberg_text_before_share":"","sfsi_plus_gutenberg_show_text_before_share":"","sfsi_plus_gutenberg_icon_type":"","sfsi_plus_gutenberg_icon_alignemt":"","sfsi_plus_gutenburg_max_per_row":"","footnotes":""},"categories":[50,2],"tags":[],"class_list":["post-297905","post","type-post","status-publish","format-standard","has-post-thumbnail","hentry","category-destaque","category-geral"],"_links":{"self":[{"href":"https:\/\/www.caririemacao.com\/1\/wp-json\/wp\/v2\/posts\/297905","targetHints":{"allow":["GET"]}}],"collection":[{"href":"https:\/\/www.caririemacao.com\/1\/wp-json\/wp\/v2\/posts"}],"about":[{"href":"https:\/\/www.caririemacao.com\/1\/wp-json\/wp\/v2\/types\/post"}],"author":[{"embeddable":true,"href":"https:\/\/www.caririemacao.com\/1\/wp-json\/wp\/v2\/users\/6"}],"replies":[{"embeddable":true,"href":"https:\/\/www.caririemacao.com\/1\/wp-json\/wp\/v2\/comments?post=297905"}],"version-history":[{"count":1,"href":"https:\/\/www.caririemacao.com\/1\/wp-json\/wp\/v2\/posts\/297905\/revisions"}],"predecessor-version":[{"id":297907,"href":"https:\/\/www.caririemacao.com\/1\/wp-json\/wp\/v2\/posts\/297905\/revisions\/297907"}],"wp:featuredmedia":[{"embeddable":true,"href":"https:\/\/www.caririemacao.com\/1\/wp-json\/wp\/v2\/media\/297906"}],"wp:attachment":[{"href":"https:\/\/www.caririemacao.com\/1\/wp-json\/wp\/v2\/media?parent=297905"}],"wp:term":[{"taxonomy":"category","embeddable":true,"href":"https:\/\/www.caririemacao.com\/1\/wp-json\/wp\/v2\/categories?post=297905"},{"taxonomy":"post_tag","embeddable":true,"href":"https:\/\/www.caririemacao.com\/1\/wp-json\/wp\/v2\/tags?post=297905"}],"curies":[{"name":"wp","href":"https:\/\/api.w.org\/{rel}","templated":true}]}}