{"id":297911,"date":"2025-04-04T12:05:28","date_gmt":"2025-04-04T15:05:28","guid":{"rendered":"https:\/\/www.caririemacao.com\/1\/?p=297911"},"modified":"2025-04-04T12:05:28","modified_gmt":"2025-04-04T15:05:28","slug":"minha-casa-minha-vida-inclui-familias-com-renda-de-ate-r-12-mil","status":"publish","type":"post","link":"https:\/\/www.caririemacao.com\/1\/2025\/04\/04\/minha-casa-minha-vida-inclui-familias-com-renda-de-ate-r-12-mil\/","title":{"rendered":"&#8220;Minha Casa, Minha Vida&#8221; inclui fam\u00edlias com renda de at\u00e9 R$ 12 mil"},"content":{"rendered":"<p class=\"ql-align-justify\">O governo Luiz In\u00e1cio Lula da Silva (PT) decidiu ampliar, de R$ 8 mil para R$ 12 mil, o teto da renda das fam\u00edlias que podem financiar um im\u00f3vel pelo programa Minha Casa, Minha Vida.<\/p>\n<p class=\"ql-align-justify\">Ontem quinta-feira (4), Lula assinou um decreto que destina verbas do Fundo Social do Pr\u00e9-Sal para custear as faixas 1 e 2 do programa, voltadas a fam\u00edlias de menor renda. O decreto foi publicado no Di\u00e1rio Oficial da Uni\u00e3o (DOU) desta sexta-feira (4) e, com isso, j\u00e1 est\u00e1 em vigor.<\/p>\n<p class=\"ql-align-justify\">Com isso, segundo o governo, o or\u00e7amento que j\u00e1 tinha sido reservado para o Minha Casa, Minha Vida poder\u00e1 ser usado nas faixas &#8220;mais altas&#8221; \u2013 e na expans\u00e3o do programa para mais fam\u00edlias.<\/p>\n<p class=\"ql-align-justify\"><strong>Veja abaixo o que j\u00e1 se sabe sobre essa &#8220;Faixa 4&#8221; do Minha Casa, Minha Vida:<\/strong><\/p>\n<ul>\n<li class=\"ql-align-justify\">Renda familiar: de R$ 8 mil a R$ 12 mil;<\/li>\n<li class=\"ql-align-justify\">Valor do im\u00f3vel: at\u00e9 R$ 500 mil;<\/li>\n<li class=\"ql-align-justify\">Financiamento: em at\u00e9 420 meses (35 anos);<\/li>\n<li class=\"ql-align-justify\">Juros (proje\u00e7\u00e3o do governo): 10,5% ao ano<\/li>\n<li class=\"ql-align-justify\">Sem subs\u00eddio do governo: ou seja, a fam\u00edlia paga o valor integral do im\u00f3vel.<\/li>\n<\/ul>\n<p class=\"ql-align-justify\">O governo espera beneficiar 120 mil fam\u00edlias com essa linha adicional de financiamento. Segundo o Minist\u00e9rio das Cidades, os juros projetados de 10,5% ao ano est\u00e3o abaixo dos praticados no mercado.<\/p>\n<p class=\"ql-align-justify\"><strong>O que ainda falta saber sobre a &#8220;Faixa 4&#8221; do Minha Casa, Minha Vida:<\/strong><\/p>\n<ul>\n<li class=\"ql-align-justify\">Quando esse financiamento come\u00e7a a ser ofertado;<\/li>\n<li class=\"ql-align-justify\">Se haver\u00e1 um novo teto de renda para as \u00e1reas rurais, como j\u00e1 ocorre nas outras faixas;<\/li>\n<li class=\"ql-align-justify\">Se habita\u00e7\u00f5es voltadas para essa faixa ser\u00e3o inclu\u00eddas em projetos do Programa de Acelera\u00e7\u00e3o do Crescimento (PAC);<\/li>\n<li class=\"ql-align-justify\">Se o financiamento valer\u00e1 apenas para fam\u00edlias que ainda n\u00e3o t\u00eam im\u00f3vel registrado (como acontece nas demais faixas).<\/li>\n<\/ul>\n<p class=\"ql-align-justify\">FONTE: G1<\/p>\n","protected":false},"excerpt":{"rendered":"<p>O governo Luiz In\u00e1cio Lula da Silva (PT) decidiu ampliar, de R$ 8 mil para R$ 12 mil, o teto da renda das fam\u00edlias que&hellip; <\/p>\n","protected":false},"author":6,"featured_media":297912,"comment_status":"closed","ping_status":"closed","sticky":false,"template":"","format":"standard","meta":{"sfsi_plus_gutenberg_text_before_share":"","sfsi_plus_gutenberg_show_text_before_share":"","sfsi_plus_gutenberg_icon_type":"","sfsi_plus_gutenberg_icon_alignemt":"","sfsi_plus_gutenburg_max_per_row":"","footnotes":""},"categories":[50],"tags":[],"class_list":["post-297911","post","type-post","status-publish","format-standard","has-post-thumbnail","hentry","category-destaque"],"_links":{"self":[{"href":"https:\/\/www.caririemacao.com\/1\/wp-json\/wp\/v2\/posts\/297911","targetHints":{"allow":["GET"]}}],"collection":[{"href":"https:\/\/www.caririemacao.com\/1\/wp-json\/wp\/v2\/posts"}],"about":[{"href":"https:\/\/www.caririemacao.com\/1\/wp-json\/wp\/v2\/types\/post"}],"author":[{"embeddable":true,"href":"https:\/\/www.caririemacao.com\/1\/wp-json\/wp\/v2\/users\/6"}],"replies":[{"embeddable":true,"href":"https:\/\/www.caririemacao.com\/1\/wp-json\/wp\/v2\/comments?post=297911"}],"version-history":[{"count":1,"href":"https:\/\/www.caririemacao.com\/1\/wp-json\/wp\/v2\/posts\/297911\/revisions"}],"predecessor-version":[{"id":297913,"href":"https:\/\/www.caririemacao.com\/1\/wp-json\/wp\/v2\/posts\/297911\/revisions\/297913"}],"wp:featuredmedia":[{"embeddable":true,"href":"https:\/\/www.caririemacao.com\/1\/wp-json\/wp\/v2\/media\/297912"}],"wp:attachment":[{"href":"https:\/\/www.caririemacao.com\/1\/wp-json\/wp\/v2\/media?parent=297911"}],"wp:term":[{"taxonomy":"category","embeddable":true,"href":"https:\/\/www.caririemacao.com\/1\/wp-json\/wp\/v2\/categories?post=297911"},{"taxonomy":"post_tag","embeddable":true,"href":"https:\/\/www.caririemacao.com\/1\/wp-json\/wp\/v2\/tags?post=297911"}],"curies":[{"name":"wp","href":"https:\/\/api.w.org\/{rel}","templated":true}]}}