{"id":29856,"date":"2017-10-03T09:27:40","date_gmt":"2017-10-03T12:27:40","guid":{"rendered":"http:\/\/caririemacao.com\/1\/?p=29856"},"modified":"2017-10-03T09:27:40","modified_gmt":"2017-10-03T12:27:40","slug":"fachin-envia-para-carmen-lucia-redistribuicao-pedida-por-aecio-neves","status":"publish","type":"post","link":"https:\/\/www.caririemacao.com\/1\/2017\/10\/03\/fachin-envia-para-carmen-lucia-redistribuicao-pedida-por-aecio-neves\/","title":{"rendered":"Fachin envia para C\u00e1rmen L\u00facia redistribui\u00e7\u00e3o pedida por A\u00e9cio Neves"},"content":{"rendered":"<p>O ministro Edson Fachin, do Supremo Tribunal Federal (STF), deixou a cargo da presidente da corte, ministra C\u00e1rmen L\u00facia, a decis\u00e3o sobre a redistribui\u00e7\u00e3o do pedido, feito nesta ter\u00e7a-feira (2), pelo senador A\u00e9cio Neves (PSDB-MG) de suspens\u00e3o de seu afastamento do mandato.<\/p>\n<p>Fachin, um dos cinco ministros da Segunda Turma do STF, foi sorteado relator do pedido de A\u00e9cio, que busca suspender a decis\u00e3o tomada pela Primeira Turma na semana passada, quando o senador foi afastado das atividades legislativas e teve determinado o recolhimento domiciliar noturno.<\/p>\n<p>Poucas horas ap\u00f3s o sorteio, o advogado de A\u00e9cio, Alberto Toron, pediu a redistribui\u00e7\u00e3o do mandado de seguran\u00e7a com pedido de liminar pela suspens\u00e3o do afastamento. O defensor argumentou que Fachin n\u00e3o poderia ser relator, por ter sido autor do primeiro afastamento do senador, em maio.<\/p>\n<p>Sem entrar no m\u00e9rito do argumento da defesa, Fachin enviou o questionamento para a ministra C\u00e1rmen L\u00facia decidir se determina ou n\u00e3o um novo sorteio do caso entre os demais ministros da Segunda Turma, que s\u00e3o Gilmar Mendes, Ricardo Lewandowski, Dias Toffoli e Celso de Mello.<\/p>\n<p><strong>Mandado de seguran\u00e7a<\/strong><\/p>\n<p>No mandado de seguran\u00e7a, o advogado de A\u00e9cio, Alberto Toron, pede que o afastamento seja suspenso ao menos at\u00e9 que seja julgada a a\u00e7\u00e3o direta de inconstitucionalidade (ADI) sobre a necessidade ou n\u00e3o de aval do Legislativo para que o Judici\u00e1rio possa aplicar medidas cautelares contra parlamentares.<\/p>\n<p>A ADI foi pautada para o pr\u00f3ximo dia 11 de outubro pela presidente do STF, ministra C\u00e1rmen L\u00facia, ap\u00f3s o relator da a\u00e7\u00e3o, ministro Edson Fachin, ter liberado, na \u00faltima sexta-feira, o processo para julgamento pelo plen\u00e1rio da Corte.<\/p>\n<p><strong>CARIRI EM A\u00c7\u00c3O<\/strong><\/p>\n<p><em>Com\u00a0<\/em>Ag\u00eancia Brasil<em>\/Foto: Google\u00a0\u00a0 <\/em><\/p>\n<p><strong>Leia mais not\u00edcias em\u00a0<\/strong><a href=\"http:\/\/www.caririemacao.com\/\"><strong>caririemacao.com<\/strong><\/a><strong>, siga nossa p\u00e1gina no\u00a0<\/strong><a href=\"https:\/\/www.facebook.com\/CaririEmAcao\/?ref=aymt_homepage_panel\"><strong>Facebook<\/strong><\/a>,<strong>\u00a0<\/strong><a href=\"https:\/\/www.instagram.com\/cariri_em_acao\/?hl=pt-br\"><strong>Instagram<\/strong><\/a><strong>\u00a0e <\/strong><a href=\"https:\/\/www.youtube.com\/channel\/UCAptA0jQuYQy8vMhLt2m4qg\"><strong>Youtube<\/strong><\/a><strong>\u00a0e veja nossas mat\u00e9rias, v\u00eddeos e fotos. Voc\u00ea tamb\u00e9m pode enviar informa\u00e7\u00f5es \u00e0 Reda\u00e7\u00e3o do Portal Cariri em A\u00e7\u00e3o pelo WhatsApp (83) 9 9634.5791, (83) 9 9601-1162.<\/strong><\/p>\n","protected":false},"excerpt":{"rendered":"<p>O ministro Edson Fachin, do Supremo Tribunal Federal (STF), deixou a cargo da presidente da corte, ministra C\u00e1rmen L\u00facia, a decis\u00e3o sobre a redistribui\u00e7\u00e3o do&hellip; <\/p>\n","protected":false},"author":2,"featured_media":29781,"comment_status":"closed","ping_status":"closed","sticky":false,"template":"","format":"standard","meta":{"sfsi_plus_gutenberg_text_before_share":"","sfsi_plus_gutenberg_show_text_before_share":"","sfsi_plus_gutenberg_icon_type":"","sfsi_plus_gutenberg_icon_alignemt":"","sfsi_plus_gutenburg_max_per_row":"","footnotes":""},"categories":[11],"tags":[],"class_list":["post-29856","post","type-post","status-publish","format-standard","has-post-thumbnail","hentry","category-politica"],"_links":{"self":[{"href":"https:\/\/www.caririemacao.com\/1\/wp-json\/wp\/v2\/posts\/29856","targetHints":{"allow":["GET"]}}],"collection":[{"href":"https:\/\/www.caririemacao.com\/1\/wp-json\/wp\/v2\/posts"}],"about":[{"href":"https:\/\/www.caririemacao.com\/1\/wp-json\/wp\/v2\/types\/post"}],"author":[{"embeddable":true,"href":"https:\/\/www.caririemacao.com\/1\/wp-json\/wp\/v2\/users\/2"}],"replies":[{"embeddable":true,"href":"https:\/\/www.caririemacao.com\/1\/wp-json\/wp\/v2\/comments?post=29856"}],"version-history":[{"count":0,"href":"https:\/\/www.caririemacao.com\/1\/wp-json\/wp\/v2\/posts\/29856\/revisions"}],"wp:featuredmedia":[{"embeddable":true,"href":"https:\/\/www.caririemacao.com\/1\/wp-json\/wp\/v2\/media\/29781"}],"wp:attachment":[{"href":"https:\/\/www.caririemacao.com\/1\/wp-json\/wp\/v2\/media?parent=29856"}],"wp:term":[{"taxonomy":"category","embeddable":true,"href":"https:\/\/www.caririemacao.com\/1\/wp-json\/wp\/v2\/categories?post=29856"},{"taxonomy":"post_tag","embeddable":true,"href":"https:\/\/www.caririemacao.com\/1\/wp-json\/wp\/v2\/tags?post=29856"}],"curies":[{"name":"wp","href":"https:\/\/api.w.org\/{rel}","templated":true}]}}