{"id":29860,"date":"2017-10-03T09:32:51","date_gmt":"2017-10-03T12:32:51","guid":{"rendered":"http:\/\/caririemacao.com\/1\/?p=29860"},"modified":"2017-10-03T09:32:51","modified_gmt":"2017-10-03T12:32:51","slug":"temer-se-reune-com-deputados-paraibanos-para-barrar-2a-denuncia","status":"publish","type":"post","link":"https:\/\/www.caririemacao.com\/1\/2017\/10\/03\/temer-se-reune-com-deputados-paraibanos-para-barrar-2a-denuncia\/","title":{"rendered":"Temer se re\u00fane com deputados paraibanos para barrar 2\u00aa den\u00fancia"},"content":{"rendered":"<p>O presidente\u00a0Michel Temer (PMDB)\u00a0receber\u00e1 nesta ter\u00e7a-feira (3), no\u00a0Pal\u00e1cio do Planalto, 42 parlamentares de diversos partidos da base aliada, dentre eles os deputados da bancada da Para\u00edba\u00a0Efraim Filho (DEM)\u00a0e\u00a0Benjamin Maranh\u00e3o (SD). A maratona de audi\u00eancias faz parte da estrat\u00e9gia do peemedebista para tentar barrar a segunda\u00a0den\u00fancia\u00a0apresentada pela Procuradoria Geral da Rep\u00fablica contra ele por obstru\u00e7\u00e3o de Justi\u00e7a e organiza\u00e7\u00e3o criminosa.<\/p>\n<p>A agenda oficial do presidente tem in\u00edcio \u00e0s 10h e est\u00e3o previstas 21 audi\u00eancias. Em algumas delas, os deputados ser\u00e3o recebidos individualmente, como o encontro com Benjamin Maranh\u00e3o, agendado para \u00e0s 17h40.<\/p>\n<p>Em outras audi\u00eancias haver\u00e1 reuni\u00e3o com mais de um parlamentar ao mesmo tempo. O deputado Efraim Filho, que \u00e9 l\u00edder do DEM na C\u00e2mara, est\u00e1 neste pacote. Ele ser\u00e1 recebido \u00e0s 20h40, acompanhado do L\u00edder do PP, Arthur Lira (PP\/AL); al\u00e9m dos deputados Sh\u00e9ridan (PSDB\/RR); Rem\u00eddio Mona (PR\/RR); Maria Helena (PSB\/RR); Jhonatan de Jesus (PRB\/RR), \u00c9dio Lopes (PR\/RR), Carlos Andrade (PHS\/RR), Abel Mesquita Jr. (DEM\/RR) e Hiran Gon\u00e7alves (PP\/RR).<\/p>\n<p>O encontro ocorre \u00e0s vesperas da an\u00e1lise da den\u00fancia, que precisa ser autorizada pela C\u00e2mara Federal para que seja analisada pelo\u00a0 Supremo Tribunal Federal. A mesma estrat\u00e9gia foi utilizada pelo governo \u00e0s v\u00e9speras da primeira den\u00fancia, que teve o andamento rejeitado pela C\u00e2mara.<\/p>\n<p><strong>CARIRI EM A\u00c7\u00c3O<\/strong><\/p>\n<p><em>Com G1 \/Foto:Google\u00a0\u00a0 <\/em><\/p>\n<p><strong>Leia mais not\u00edcias em\u00a0<\/strong><a href=\"http:\/\/www.caririemacao.com\/\"><strong>caririemacao.com<\/strong><\/a><strong>, siga nossa p\u00e1gina no\u00a0<\/strong><a href=\"https:\/\/www.facebook.com\/CaririEmAcao\/?ref=aymt_homepage_panel\"><strong>Facebook<\/strong><\/a>,<strong>\u00a0<\/strong><a href=\"https:\/\/www.instagram.com\/cariri_em_acao\/?hl=pt-br\"><strong>Instagram<\/strong><\/a><strong>\u00a0e <\/strong><a href=\"https:\/\/www.youtube.com\/channel\/UCAptA0jQuYQy8vMhLt2m4qg\"><strong>Youtube<\/strong><\/a><strong>\u00a0e veja nossas mat\u00e9rias, v\u00eddeos e fotos. Voc\u00ea tamb\u00e9m pode enviar informa\u00e7\u00f5es \u00e0 Reda\u00e7\u00e3o do Portal Cariri em A\u00e7\u00e3o pelo WhatsApp (83) 9 9634.5791, (83) 9 9601-1162.<\/strong><\/p>\n","protected":false},"excerpt":{"rendered":"<p>O presidente\u00a0Michel Temer (PMDB)\u00a0receber\u00e1 nesta ter\u00e7a-feira (3), no\u00a0Pal\u00e1cio do Planalto, 42 parlamentares de diversos partidos da base aliada, dentre eles os deputados da bancada da&hellip; <\/p>\n","protected":false},"author":2,"featured_media":22730,"comment_status":"closed","ping_status":"closed","sticky":false,"template":"","format":"standard","meta":{"sfsi_plus_gutenberg_text_before_share":"","sfsi_plus_gutenberg_show_text_before_share":"","sfsi_plus_gutenberg_icon_type":"","sfsi_plus_gutenberg_icon_alignemt":"","sfsi_plus_gutenburg_max_per_row":"","footnotes":""},"categories":[11],"tags":[],"class_list":["post-29860","post","type-post","status-publish","format-standard","has-post-thumbnail","hentry","category-politica"],"_links":{"self":[{"href":"https:\/\/www.caririemacao.com\/1\/wp-json\/wp\/v2\/posts\/29860","targetHints":{"allow":["GET"]}}],"collection":[{"href":"https:\/\/www.caririemacao.com\/1\/wp-json\/wp\/v2\/posts"}],"about":[{"href":"https:\/\/www.caririemacao.com\/1\/wp-json\/wp\/v2\/types\/post"}],"author":[{"embeddable":true,"href":"https:\/\/www.caririemacao.com\/1\/wp-json\/wp\/v2\/users\/2"}],"replies":[{"embeddable":true,"href":"https:\/\/www.caririemacao.com\/1\/wp-json\/wp\/v2\/comments?post=29860"}],"version-history":[{"count":0,"href":"https:\/\/www.caririemacao.com\/1\/wp-json\/wp\/v2\/posts\/29860\/revisions"}],"wp:featuredmedia":[{"embeddable":true,"href":"https:\/\/www.caririemacao.com\/1\/wp-json\/wp\/v2\/media\/22730"}],"wp:attachment":[{"href":"https:\/\/www.caririemacao.com\/1\/wp-json\/wp\/v2\/media?parent=29860"}],"wp:term":[{"taxonomy":"category","embeddable":true,"href":"https:\/\/www.caririemacao.com\/1\/wp-json\/wp\/v2\/categories?post=29860"},{"taxonomy":"post_tag","embeddable":true,"href":"https:\/\/www.caririemacao.com\/1\/wp-json\/wp\/v2\/tags?post=29860"}],"curies":[{"name":"wp","href":"https:\/\/api.w.org\/{rel}","templated":true}]}}