{"id":299032,"date":"2025-05-05T09:07:01","date_gmt":"2025-05-05T12:07:01","guid":{"rendered":"https:\/\/www.caririemacao.com\/1\/?p=299032"},"modified":"2025-05-05T09:07:01","modified_gmt":"2025-05-05T12:07:01","slug":"policia-militar-apreende-veiculos-e-conduz-condutores-que-praticavam-direcao-perigosa-em-monteiro","status":"publish","type":"post","link":"https:\/\/www.caririemacao.com\/1\/2025\/05\/05\/policia-militar-apreende-veiculos-e-conduz-condutores-que-praticavam-direcao-perigosa-em-monteiro\/","title":{"rendered":"Pol\u00edcia Militar apreende ve\u00edculos e conduz condutores que praticavam dire\u00e7\u00e3o perigosa em Monteiro"},"content":{"rendered":"<p>Na tarde deste domingo (04\/05), policiais militares do 11\u00ba Batalh\u00e3o autuaram e conduziram \u00e0 Delegacia de Pol\u00edcia Civil de Monteiro os condutores de ve\u00edculos flagrados praticando dire\u00e7\u00e3o perigosa nas vias da cidade.<\/p>\n<p>A a\u00e7\u00e3o, que integra o trabalho rotineiro de fiscaliza\u00e7\u00e3o e patrulhamento ostensivo da Pol\u00edcia Militar, tem como objetivo garantir a seguran\u00e7a e a tranquilidade da popula\u00e7\u00e3o e coibir condutas que coloquem em risco a vida de pedestres e demais motoristas.<\/p>\n<p>Os envolvidos foram apresentados \u00e0 autoridade policial competente para a ado\u00e7\u00e3o das medidas cab\u00edveis, e os ve\u00edculos permanecer\u00e3o apreendidos at\u00e9 a devida regulariza\u00e7\u00e3o da situa\u00e7\u00e3o.<\/p>\n","protected":false},"excerpt":{"rendered":"<p>Na tarde deste domingo (04\/05), policiais militares do 11\u00ba Batalh\u00e3o autuaram e conduziram \u00e0 Delegacia de Pol\u00edcia Civil de Monteiro os condutores de ve\u00edculos flagrados&hellip; <\/p>\n","protected":false},"author":6,"featured_media":299033,"comment_status":"closed","ping_status":"closed","sticky":false,"template":"","format":"standard","meta":{"sfsi_plus_gutenberg_text_before_share":"","sfsi_plus_gutenberg_show_text_before_share":"","sfsi_plus_gutenberg_icon_type":"","sfsi_plus_gutenberg_icon_alignemt":"","sfsi_plus_gutenburg_max_per_row":"","footnotes":""},"categories":[50,2,81,12],"tags":[],"class_list":["post-299032","post","type-post","status-publish","format-standard","has-post-thumbnail","hentry","category-destaque","category-geral","category-monteiro","category-policia"],"_links":{"self":[{"href":"https:\/\/www.caririemacao.com\/1\/wp-json\/wp\/v2\/posts\/299032","targetHints":{"allow":["GET"]}}],"collection":[{"href":"https:\/\/www.caririemacao.com\/1\/wp-json\/wp\/v2\/posts"}],"about":[{"href":"https:\/\/www.caririemacao.com\/1\/wp-json\/wp\/v2\/types\/post"}],"author":[{"embeddable":true,"href":"https:\/\/www.caririemacao.com\/1\/wp-json\/wp\/v2\/users\/6"}],"replies":[{"embeddable":true,"href":"https:\/\/www.caririemacao.com\/1\/wp-json\/wp\/v2\/comments?post=299032"}],"version-history":[{"count":1,"href":"https:\/\/www.caririemacao.com\/1\/wp-json\/wp\/v2\/posts\/299032\/revisions"}],"predecessor-version":[{"id":299034,"href":"https:\/\/www.caririemacao.com\/1\/wp-json\/wp\/v2\/posts\/299032\/revisions\/299034"}],"wp:featuredmedia":[{"embeddable":true,"href":"https:\/\/www.caririemacao.com\/1\/wp-json\/wp\/v2\/media\/299033"}],"wp:attachment":[{"href":"https:\/\/www.caririemacao.com\/1\/wp-json\/wp\/v2\/media?parent=299032"}],"wp:term":[{"taxonomy":"category","embeddable":true,"href":"https:\/\/www.caririemacao.com\/1\/wp-json\/wp\/v2\/categories?post=299032"},{"taxonomy":"post_tag","embeddable":true,"href":"https:\/\/www.caririemacao.com\/1\/wp-json\/wp\/v2\/tags?post=299032"}],"curies":[{"name":"wp","href":"https:\/\/api.w.org\/{rel}","templated":true}]}}