{"id":29907,"date":"2017-10-04T08:35:40","date_gmt":"2017-10-04T11:35:40","guid":{"rendered":"http:\/\/caririemacao.com\/1\/?p=29907"},"modified":"2017-10-04T08:35:40","modified_gmt":"2017-10-04T11:35:40","slug":"prefeitura-de-sume-planeja-nova-etapa-do-paa-com-distribuicao-de-frango-caipira-2","status":"publish","type":"post","link":"https:\/\/www.caririemacao.com\/1\/2017\/10\/04\/prefeitura-de-sume-planeja-nova-etapa-do-paa-com-distribuicao-de-frango-caipira-2\/","title":{"rendered":"Prefeitura de Sum\u00e9 planeja nova etapa do PAA com distribui\u00e7\u00e3o de frango caipira"},"content":{"rendered":"<p>No \u00faltimo final de semana, o prefeito \u00c9den Duarte se reuniu com os membros da Associa\u00e7\u00e3o dos Avicultores do Munic\u00edpio de Sum\u00e9 para tratar sobre a pr\u00f3xima etapa do Programa de Aquisi\u00e7\u00e3o de Alimentos (PAA), que ter\u00e1 como fornecedores os avicultores de Sum\u00e9.<\/p>\n<p>A a\u00e7\u00e3o faz parte do Plano Municipal de Seguran\u00e7a Alimentar e Nutricional que objetiva promover pol\u00edticas que promovem o direito \u00e0 alimenta\u00e7\u00e3o adequada e nutricional da popula\u00e7\u00e3o, garantindo comida \u00e0s fam\u00edlias de baixa renda, no campo e na cidade.<\/p>\n<p><img fetchpriority=\"high\" decoding=\"async\" class=\"aligncenter wp-image-29909 size-full\" src=\"http:\/\/caririemacao.com\/1\/wp-content\/uploads\/2017\/10\/IMG-20170930-WA0009.jpg\" alt=\"\" width=\"1280\" height=\"720\" srcset=\"https:\/\/www.caririemacao.com\/1\/wp-content\/uploads\/2017\/10\/IMG-20170930-WA0009.jpg 1280w, https:\/\/www.caririemacao.com\/1\/wp-content\/uploads\/2017\/10\/IMG-20170930-WA0009-300x169.jpg 300w, https:\/\/www.caririemacao.com\/1\/wp-content\/uploads\/2017\/10\/IMG-20170930-WA0009-768x432.jpg 768w, https:\/\/www.caririemacao.com\/1\/wp-content\/uploads\/2017\/10\/IMG-20170930-WA0009-1024x576.jpg 1024w\" sizes=\"(max-width: 1280px) 100vw, 1280px\" \/><\/p>\n<p>Ap\u00f3s a distribui\u00e7\u00e3o de latic\u00ednios, a Prefeitura agora ir\u00e1 fazer as etapas de entrega de frango caipira, a Conab compra os produtos aos agricultores familiares e faz a entrega ao munic\u00edpio atrav\u00e9s do CRAS, que distribui \u00e0s fam\u00edlias em situa\u00e7\u00e3o de inseguran\u00e7a alimentar, \u00e0quelas inscritas no Cadastro \u00danico do Governo Federal (Cad\u00danico).<\/p>\n<p>A previs\u00e3o para come\u00e7ar esta nova etapa de distribui\u00e7\u00e3o \u00e9 janeiro de 2018. Ser\u00e3o distribu\u00eddos 17 mil kg de frango caipira a cerca de 2.000 pessoas, divididas em 300 fam\u00edlias.<\/p>\n<p>O Plano Municipal de Seguran\u00e7a Alimentar e Nutricional, al\u00e9m de promover o acesso \u00e0 alimenta\u00e7\u00e3o, incentiva a agricultura familiar comprando alimentos produzidos pelos pequenos agricultores, gerando renda para estes grupos.<\/p>\n<p><strong>CARIRI EM A\u00c7\u00c3O<\/strong><\/p>\n<p><em>Com Ascom \/Foto:Divulga\u00e7\u00e3o<\/em><\/p>\n<p><strong>Leia mais not\u00edcias em\u00a0<\/strong><a href=\"http:\/\/www.caririemacao.com\/\"><strong>caririemacao.com<\/strong><\/a><strong>, siga nossa p\u00e1gina no\u00a0<\/strong><a href=\"https:\/\/www.facebook.com\/CaririEmAcao\/?ref=aymt_homepage_panel\"><strong>Facebook<\/strong><\/a>,<strong>\u00a0<\/strong><a href=\"https:\/\/www.instagram.com\/cariri_em_acao\/?hl=pt-br\"><strong>Instagram<\/strong><\/a><strong>\u00a0e <\/strong><a href=\"https:\/\/www.youtube.com\/channel\/UCAptA0jQuYQy8vMhLt2m4qg\"><strong>Youtube<\/strong><\/a><strong>\u00a0e veja nossas mat\u00e9rias, v\u00eddeos e fotos. Voc\u00ea tamb\u00e9m pode enviar informa\u00e7\u00f5es \u00e0 Reda\u00e7\u00e3o do Portal Cariri em A\u00e7\u00e3o pelo WhatsApp (83) 9 9634.5791, (83) 9 9601-1162.<\/strong><\/p>\n","protected":false},"excerpt":{"rendered":"<p>No \u00faltimo final de semana, o prefeito \u00c9den Duarte se reuniu com os membros da Associa\u00e7\u00e3o dos Avicultores do Munic\u00edpio de Sum\u00e9 para tratar sobre&hellip; <\/p>\n","protected":false},"author":2,"featured_media":29908,"comment_status":"closed","ping_status":"closed","sticky":false,"template":"","format":"standard","meta":{"sfsi_plus_gutenberg_text_before_share":"","sfsi_plus_gutenberg_show_text_before_share":"","sfsi_plus_gutenberg_icon_type":"","sfsi_plus_gutenberg_icon_alignemt":"","sfsi_plus_gutenburg_max_per_row":"","footnotes":""},"categories":[2],"tags":[],"class_list":["post-29907","post","type-post","status-publish","format-standard","has-post-thumbnail","hentry","category-geral"],"_links":{"self":[{"href":"https:\/\/www.caririemacao.com\/1\/wp-json\/wp\/v2\/posts\/29907","targetHints":{"allow":["GET"]}}],"collection":[{"href":"https:\/\/www.caririemacao.com\/1\/wp-json\/wp\/v2\/posts"}],"about":[{"href":"https:\/\/www.caririemacao.com\/1\/wp-json\/wp\/v2\/types\/post"}],"author":[{"embeddable":true,"href":"https:\/\/www.caririemacao.com\/1\/wp-json\/wp\/v2\/users\/2"}],"replies":[{"embeddable":true,"href":"https:\/\/www.caririemacao.com\/1\/wp-json\/wp\/v2\/comments?post=29907"}],"version-history":[{"count":0,"href":"https:\/\/www.caririemacao.com\/1\/wp-json\/wp\/v2\/posts\/29907\/revisions"}],"wp:featuredmedia":[{"embeddable":true,"href":"https:\/\/www.caririemacao.com\/1\/wp-json\/wp\/v2\/media\/29908"}],"wp:attachment":[{"href":"https:\/\/www.caririemacao.com\/1\/wp-json\/wp\/v2\/media?parent=29907"}],"wp:term":[{"taxonomy":"category","embeddable":true,"href":"https:\/\/www.caririemacao.com\/1\/wp-json\/wp\/v2\/categories?post=29907"},{"taxonomy":"post_tag","embeddable":true,"href":"https:\/\/www.caririemacao.com\/1\/wp-json\/wp\/v2\/tags?post=29907"}],"curies":[{"name":"wp","href":"https:\/\/api.w.org\/{rel}","templated":true}]}}