{"id":29911,"date":"2017-10-04T08:50:50","date_gmt":"2017-10-04T11:50:50","guid":{"rendered":"http:\/\/caririemacao.com\/1\/?p=29911"},"modified":"2017-10-04T08:50:50","modified_gmt":"2017-10-04T11:50:50","slug":"prefeito-ronaldo-queiroz-esta-em-brasilia-pleiteando-novos-investimentos-para-gurjao","status":"publish","type":"post","link":"https:\/\/www.caririemacao.com\/1\/2017\/10\/04\/prefeito-ronaldo-queiroz-esta-em-brasilia-pleiteando-novos-investimentos-para-gurjao\/","title":{"rendered":"Prefeito Ronaldo Queiroz est\u00e1 em Brasilia pleiteando novos investimentos para Gurj\u00e3o"},"content":{"rendered":"<p>O Prefeito Ronaldo Queiroz de Gurj\u00e3o est\u00e1 em Bras\u00edlia participando do evento intitulado do\u00a0 \u201cMovimento Municipalista\u201d al\u00e9m de visitar diversos minist\u00e9rios pleiteando novos investimentos para a cidade de Gurj\u00e3o ,onde esteve no\u00a0 gabinete do Deputado Hugo Mota onde alguns investimentos em breve ser\u00e3o divulgados para o povo de Gurj\u00e3o ,\u00a0\u00a0 Ronaldo que est\u00e1 hoje a frente da AMCAP e vem representando tamb\u00e9m a entidade \u201cem\u00a0 momento de debate sobre quais deveriam ser as pr\u00f3ximas a\u00e7\u00f5es do movimento para conquistar os pleitos municipalistas, principalmente no que tange as quest\u00f5es diretas de entrada de recursos aos Munic\u00edpios por isso estamos aqui em \u00e9poca de crise temos que pressionar o pol\u00edticos aqui de cima \u201d explicou Ronaldo Queiroz<\/p>\n<p>Ronaldo esteve presente nesta ter\u00e7a-feira, 3 de outubro, na Confedera\u00e7\u00e3o Nacional de Munic\u00edpios (CNM), acompanhado de diversos Prefeitos do movimento municipalista, e esteve no no\u00a0 Congresso Nacional onde foi cobrar do parlamentar respostas do Legislativo e do Executivo Federal em rela\u00e7\u00e3o \u00e0 crise financeira pela qual passam os Munic\u00edpios, ainda participou de uma audi\u00eancia com todos o Prefeitos e\u00a0 o\u00a0\u00a0 presidente da C\u00e2mara, Rodrigo Maia (DEM-RJ), ele se comprometeu a falar com o presidente da Rep\u00fablica, Michel Temer, sobre um aux\u00edlio financeiro aos Munic\u00edpios para este ano.<\/p>\n<p>A ideia do movimento \u00e9 que saibam que \u00e9 preciso, acima de tudo, haver conversa e unanimidade de ideias e cada um sozinho n\u00e3o vai para lugar nenhum, a ideia \u00e9 essa os Prefeitos tamb\u00e9m t\u00eam que fazer o trabalho deles se quiserem avan\u00e7ar \u00e9 preciso estar unido. Com a desuni\u00e3o n\u00e3o se conquista nada e o movimento mostrou isso a uni\u00e3o<\/p>\n<p><strong>CARIRI EM A\u00c7\u00c3O<\/strong><\/p>\n<p><em>Com Ascom \/Foto:Divulga\u00e7\u00e3o<\/em><\/p>\n<p><strong>Leia mais not\u00edcias em\u00a0<\/strong><a href=\"http:\/\/www.caririemacao.com\/\"><strong>caririemacao.com<\/strong><\/a><strong>, siga nossa p\u00e1gina no\u00a0<\/strong><a href=\"https:\/\/www.facebook.com\/CaririEmAcao\/?ref=aymt_homepage_panel\"><strong>Facebook<\/strong><\/a>,<strong>\u00a0<\/strong><a href=\"https:\/\/www.instagram.com\/cariri_em_acao\/?hl=pt-br\"><strong>Instagram<\/strong><\/a><strong>\u00a0e <\/strong><a href=\"https:\/\/www.youtube.com\/channel\/UCAptA0jQuYQy8vMhLt2m4qg\"><strong>Youtube<\/strong><\/a><strong>\u00a0e veja nossas mat\u00e9rias, v\u00eddeos e fotos. Voc\u00ea tamb\u00e9m pode enviar informa\u00e7\u00f5es \u00e0 Reda\u00e7\u00e3o do Portal Cariri em A\u00e7\u00e3o pelo WhatsApp (83) 9 9634.5791, (83) 9 9601-1162.<\/strong><\/p>\n","protected":false},"excerpt":{"rendered":"<p>O Prefeito Ronaldo Queiroz de Gurj\u00e3o est\u00e1 em Bras\u00edlia participando do evento intitulado do\u00a0 \u201cMovimento Municipalista\u201d al\u00e9m de visitar diversos minist\u00e9rios pleiteando novos investimentos para&hellip; <\/p>\n","protected":false},"author":2,"featured_media":29912,"comment_status":"closed","ping_status":"closed","sticky":false,"template":"","format":"standard","meta":{"sfsi_plus_gutenberg_text_before_share":"","sfsi_plus_gutenberg_show_text_before_share":"","sfsi_plus_gutenberg_icon_type":"","sfsi_plus_gutenberg_icon_alignemt":"","sfsi_plus_gutenburg_max_per_row":"","footnotes":""},"categories":[11],"tags":[],"class_list":["post-29911","post","type-post","status-publish","format-standard","has-post-thumbnail","hentry","category-politica"],"_links":{"self":[{"href":"https:\/\/www.caririemacao.com\/1\/wp-json\/wp\/v2\/posts\/29911","targetHints":{"allow":["GET"]}}],"collection":[{"href":"https:\/\/www.caririemacao.com\/1\/wp-json\/wp\/v2\/posts"}],"about":[{"href":"https:\/\/www.caririemacao.com\/1\/wp-json\/wp\/v2\/types\/post"}],"author":[{"embeddable":true,"href":"https:\/\/www.caririemacao.com\/1\/wp-json\/wp\/v2\/users\/2"}],"replies":[{"embeddable":true,"href":"https:\/\/www.caririemacao.com\/1\/wp-json\/wp\/v2\/comments?post=29911"}],"version-history":[{"count":0,"href":"https:\/\/www.caririemacao.com\/1\/wp-json\/wp\/v2\/posts\/29911\/revisions"}],"wp:featuredmedia":[{"embeddable":true,"href":"https:\/\/www.caririemacao.com\/1\/wp-json\/wp\/v2\/media\/29912"}],"wp:attachment":[{"href":"https:\/\/www.caririemacao.com\/1\/wp-json\/wp\/v2\/media?parent=29911"}],"wp:term":[{"taxonomy":"category","embeddable":true,"href":"https:\/\/www.caririemacao.com\/1\/wp-json\/wp\/v2\/categories?post=29911"},{"taxonomy":"post_tag","embeddable":true,"href":"https:\/\/www.caririemacao.com\/1\/wp-json\/wp\/v2\/tags?post=29911"}],"curies":[{"name":"wp","href":"https:\/\/api.w.org\/{rel}","templated":true}]}}