{"id":29914,"date":"2017-10-04T09:01:08","date_gmt":"2017-10-04T12:01:08","guid":{"rendered":"http:\/\/caririemacao.com\/1\/?p=29914"},"modified":"2017-10-04T09:02:32","modified_gmt":"2017-10-04T12:02:32","slug":"aesa-participa-de-audiencia-publica-sobre-eixo-leste-da-transposicao-na-camara-dos-deputados","status":"publish","type":"post","link":"https:\/\/www.caririemacao.com\/1\/2017\/10\/04\/aesa-participa-de-audiencia-publica-sobre-eixo-leste-da-transposicao-na-camara-dos-deputados\/","title":{"rendered":"Aesa participa de audi\u00eancia p\u00fablica sobre eixo leste da transposi\u00e7\u00e3o, na C\u00e2mara dos Deputados"},"content":{"rendered":"<p class=\" \">A Ag\u00eancia Executiva de Gest\u00e3o das \u00c1guas do Estado da Para\u00edba (Aesa) participar\u00e1 de uma audi\u00eancia p\u00fablica ordin\u00e1ria na tarde desta ter\u00e7a-feira (3), na C\u00e2mara dos Deputados, em Bras\u00edlia. Durante o encontro ser\u00e3o discutidas a\u00e7\u00f5es para combater a capta\u00e7\u00e3o irregular de \u00e1gua no eixo leste do projeto de integra\u00e7\u00e3o do rio S\u00e3o Francisco.<\/p>\n<p class=\" \">Um dos objetivos da discuss\u00e3o \u00e9 garantir o abastecimento de Campina Grande e outras 18 cidades. Para chegar ao a\u00e7ude Epit\u00e1cio Pessoa, que prov\u00ea estes munic\u00edpios, as \u00e1guas do Velho Chico percorrem aproximadamente 145 quil\u00f4metros entre a cidade de Monteiro, no Cariri e o reservat\u00f3rio, localizado no munic\u00edpio de Boqueir\u00e3o, no agreste paraibano.<\/p>\n<p class=\" \">&#8220;O trabalho de fiscaliza\u00e7\u00e3o n\u00e3o \u00e9 f\u00e1cil, principalmente pela extens\u00e3o de \u00e1rea a ser coberta. Mas atuamos em parceria com Ag\u00eancia Nacional das \u00c1guas (ANA) e tamb\u00e9m temos o apoio de \u00f3rg\u00e3os como Sudema, Cagepa e Pol\u00edcia Militar. Al\u00e9m disso estamos utilizando dois drones para garantir que a \u00e1gua do rio Para\u00edba seja utilizada apenas para consumo humano e animal. No caso da agricultura irrigada s\u00f3 \u00e9 permitida a de subsist\u00eancia, com plantios de no m\u00e1ximo meio hectare&#8221;, explicou o presidente da Aesa, Jo\u00e3o Fernandes da Silva.<\/p>\n<p class=\" \">Al\u00e9m do presidente da Aesa, foram convidados para o evento, Francisco Sagres Macedo Vieira, procurador do Minist\u00e9rio P\u00fablico do Estado da Para\u00edba (MPPB) e membro do Comit\u00ea de Gest\u00e3o de Recursos H\u00eddricos do MPPB; Ant\u00f4nio Luitgards Moura, diretor do Departamento de Projetos Estrat\u00e9gicos da Secretaria de Infraestrutura H\u00eddrica do Minist\u00e9rio da Integra\u00e7\u00e3o Nacional; Rodrigo Flecha Ferreira, superintendente de regula\u00e7\u00e3o da Ag\u00eancia Nacional de \u00c1guas (ANA); Ant\u00f4nio Avelino Rocha de Neiva, presidente da Companhia de Desenvolvimento dos Vales do S\u00e3o Francisco e do Parna\u00edba (Codevasf); Kr\u00edsteny Leite Chaves, representante do Comit\u00ea de Bacia Hidrogr\u00e1fica do Rio Para\u00edba.<\/p>\n<p class=\" \"><strong>Semin\u00e1rio<\/strong>\u00a0\u2013 A Aesa tamb\u00e9m participar\u00e1 do 3\u00ba Workshop Internacional sobre \u00c1gua no Semi\u00e1rido Brasileiro (WIASB), que ocorrer\u00e1 nesta quarta-feira (4), \u00e0s 9h, no Centro de Conven\u00e7\u00f5es Raymundo Asfora, na cidade de Campina Grande.<\/p>\n<p class=\" \">O evento discutir\u00e1 a problem\u00e1tica da seca, seus efeitos danosos \u00e0s popula\u00e7\u00f5es e poss\u00edveis solu\u00e7\u00f5es. A programa\u00e7\u00e3o contar\u00e1 com confer\u00eancia, palestras, mesas-redondas, apresenta\u00e7\u00f5es de trabalhos cient\u00edficos e lan\u00e7amentos de livros.<\/p>\n<p><strong>CARIRI EM A\u00c7\u00c3O<\/strong><\/p>\n<p><em>Com Secom PB \/Foto:Google\u00a0\u00a0 <\/em><\/p>\n<p><strong>Leia mais not\u00edcias em\u00a0<\/strong><a href=\"http:\/\/www.caririemacao.com\/\"><strong>caririemacao.com<\/strong><\/a><strong>, siga nossa p\u00e1gina no\u00a0<\/strong><a href=\"https:\/\/www.facebook.com\/CaririEmAcao\/?ref=aymt_homepage_panel\"><strong>Facebook<\/strong><\/a>,<strong>\u00a0<\/strong><a href=\"https:\/\/www.instagram.com\/cariri_em_acao\/?hl=pt-br\"><strong>Instagram<\/strong><\/a><strong>\u00a0e <\/strong><a href=\"https:\/\/www.youtube.com\/channel\/UCAptA0jQuYQy8vMhLt2m4qg\"><strong>Youtube<\/strong><\/a><strong>\u00a0e veja nossas mat\u00e9rias, v\u00eddeos e fotos. Voc\u00ea tamb\u00e9m pode enviar informa\u00e7\u00f5es \u00e0 Reda\u00e7\u00e3o do Portal Cariri em A\u00e7\u00e3o pelo WhatsApp (83) 9 9634.5791, (83) 9 9601-1162.<\/strong><\/p>\n","protected":false},"excerpt":{"rendered":"<p>A Ag\u00eancia Executiva de Gest\u00e3o das \u00c1guas do Estado da Para\u00edba (Aesa) participar\u00e1 de uma audi\u00eancia p\u00fablica ordin\u00e1ria na tarde desta ter\u00e7a-feira (3), na C\u00e2mara&hellip; <\/p>\n","protected":false},"author":2,"featured_media":25544,"comment_status":"closed","ping_status":"closed","sticky":false,"template":"","format":"standard","meta":{"sfsi_plus_gutenberg_text_before_share":"","sfsi_plus_gutenberg_show_text_before_share":"","sfsi_plus_gutenberg_icon_type":"","sfsi_plus_gutenberg_icon_alignemt":"","sfsi_plus_gutenburg_max_per_row":"","footnotes":""},"categories":[2],"tags":[],"class_list":["post-29914","post","type-post","status-publish","format-standard","has-post-thumbnail","hentry","category-geral"],"_links":{"self":[{"href":"https:\/\/www.caririemacao.com\/1\/wp-json\/wp\/v2\/posts\/29914","targetHints":{"allow":["GET"]}}],"collection":[{"href":"https:\/\/www.caririemacao.com\/1\/wp-json\/wp\/v2\/posts"}],"about":[{"href":"https:\/\/www.caririemacao.com\/1\/wp-json\/wp\/v2\/types\/post"}],"author":[{"embeddable":true,"href":"https:\/\/www.caririemacao.com\/1\/wp-json\/wp\/v2\/users\/2"}],"replies":[{"embeddable":true,"href":"https:\/\/www.caririemacao.com\/1\/wp-json\/wp\/v2\/comments?post=29914"}],"version-history":[{"count":0,"href":"https:\/\/www.caririemacao.com\/1\/wp-json\/wp\/v2\/posts\/29914\/revisions"}],"wp:featuredmedia":[{"embeddable":true,"href":"https:\/\/www.caririemacao.com\/1\/wp-json\/wp\/v2\/media\/25544"}],"wp:attachment":[{"href":"https:\/\/www.caririemacao.com\/1\/wp-json\/wp\/v2\/media?parent=29914"}],"wp:term":[{"taxonomy":"category","embeddable":true,"href":"https:\/\/www.caririemacao.com\/1\/wp-json\/wp\/v2\/categories?post=29914"},{"taxonomy":"post_tag","embeddable":true,"href":"https:\/\/www.caririemacao.com\/1\/wp-json\/wp\/v2\/tags?post=29914"}],"curies":[{"name":"wp","href":"https:\/\/api.w.org\/{rel}","templated":true}]}}