{"id":29920,"date":"2017-10-04T09:26:16","date_gmt":"2017-10-04T12:26:16","guid":{"rendered":"http:\/\/caririemacao.com\/1\/?p=29920"},"modified":"2017-10-04T09:26:16","modified_gmt":"2017-10-04T12:26:16","slug":"vasta-programacao-marca-a-chegada-do-outubro-rosa-em-monteiro","status":"publish","type":"post","link":"https:\/\/www.caririemacao.com\/1\/2017\/10\/04\/vasta-programacao-marca-a-chegada-do-outubro-rosa-em-monteiro\/","title":{"rendered":"Vasta programa\u00e7\u00e3o marca a chegada do Outubro Rosa em Monteiro"},"content":{"rendered":"<p>Com a chegada do Outubro Rosa, o munic\u00edpio de Monteiro intensifica as a\u00e7\u00f5es voltadas \u00e0s mulheres, mesmo a cidade cultivando o \u201cAno Rosa\u201d, pois o munic\u00edpio possui um dos servi\u00e7os mais completos em rela\u00e7\u00e3o \u00e0 sa\u00fade relativos ao tema atrav\u00e9s do Centro da Mulher que oferece a todos as consultas e exames necess\u00e1rios para a preven\u00e7\u00e3o de doen\u00e7as, a exemplo do pr\u00f3prio c\u00e2ncer de mama.<\/p>\n<p>Nesta quarta-feira, 04, haver\u00e1 uma caminhada abrindo oficialmente o Outubro Rosa que sair\u00e1 da sede da Prefeitura Municipal, que estar\u00e1 iluminada na cor alusiva ao tema, em dire\u00e7\u00e3o \u00e0 Pra\u00e7a Jo\u00e3o Pessoa com o intuito de despertar ainda mais o interesse da popula\u00e7\u00e3o para a preven\u00e7\u00e3o ao c\u00e2ncer de mama.<\/p>\n<p>A campanha tamb\u00e9m contar\u00e1 com uma aten\u00e7\u00e3o especial dos funcion\u00e1rios que comp\u00f5em o quadro do funcionalismo municipal, onde em sua primeira a\u00e7\u00e3o na Secretaria de Infraestrutura oferecer\u00e1 servi\u00e7os de marca\u00e7\u00e3o de exames e orienta\u00e7\u00f5es.<\/p>\n<p>Do dia 05 ao dia 31, a Prefeitura de Monteiro, atrav\u00e9s da Secretaria de Sa\u00fade, promover\u00e1\u00a0 palestras nas escolas municipais com as m\u00e3es dos alunos, bem como atividades nos servi\u00e7os oferecidos pela assist\u00eancia municipal de sa\u00fade.<\/p>\n<p>Na ter\u00e7a-feira, 17, haver\u00e1 uma grande mobiliza\u00e7\u00e3o com a\u00e7\u00e3o no Centro da Mulher com servi\u00e7os de ultrassonografia, exames citol\u00f3gicos e o est\u00edmulo ao auto exame das mamas, que pode ser o primeiro passo para identificar n\u00f3dulos ou caro\u00e7os. No dia seguinte (18) haver\u00e1 uma palestra no Grupo de Aer\u00f3bica e nas escolas municipais com a participa\u00e7\u00e3o das equipes do NASF, Melhor em Casa e Aten\u00e7\u00e3o B\u00e1sica.<\/p>\n<p>Na quinta-feira dia 19, ser\u00e1 a vez do Grupo de Gestantes com atividades laborais em parceria com a Secretaria de Desenvolvimento\u00a0 Social, no dia 20 a equipe de enfermagem da Aten\u00e7\u00e3o B\u00e1sica conceder\u00e1 entrevista nas r\u00e1dios comentando os principais temas relativos ao Outubro Rosa.<\/p>\n<p>O ponto alto das atividades do m\u00eas de preven\u00e7\u00e3o ao C\u00e2ncer de Mama acontecer\u00e1 no s\u00e1bado, 21, aonde todos os profissionais de sa\u00fade que integram a rede municipal se engajar\u00e3o para uma abordagem nas ruas e com uma grande estrutura que ser\u00e1 montada na Pra\u00e7a Jo\u00e3o Pessoa, oferecendo v\u00e1rios servi\u00e7os incluindo procedimentos de beleza para as mulheres, tamb\u00e9m em parceria com a Secretaria de Desenvolvimento Social. Ainda no mesmo dia, no PSF 09 \u2013 localizado na Rua do Cemit\u00e9rio, haver\u00e1 atendimento com demanda espont\u00e2nea para as mulheres.<\/p>\n<p>\u201cDurante todos os s\u00e1bados do m\u00eas de outubro haver\u00e3o tendas de sa\u00fade com marca\u00e7\u00e3o de exames e orienta\u00e7\u00f5es para as mulheres em frente ao Mercado P\u00fablico, este \u00e9 um modo de atingirmos tamb\u00e9m \u00e0s moradoras da zona rural que v\u00eam \u00e0 cidade. Nossa meta \u00e9 que todas as mulheres do munic\u00edpio possam ser alcan\u00e7adas atrav\u00e9s de nossas a\u00e7\u00f5es para que casos sejam detectados precocemente ou at\u00e9 mesmo descartados atrav\u00e9s dos exames que oferecemos\u201d, disse a prefeita Anna Lorena.<\/p>\n<p>Conforme recomenda\u00e7\u00e3o do Minist\u00e9rio P\u00fablico da Para\u00edba, a cidade de Monteiro neste m\u00eas de Outubro, conceder\u00e1 exames de mamografia \u00e0s mulheres com faixa et\u00e1ria a partir de 40 anos, idade em que casos de c\u00e2ncer de mama podem ser diagnosticados precocemente com mais chances de ser tratada e diminui a possibilidade de tratamentos, como a quimioterapia e at\u00e9 a mastectomia.<\/p>\n<p>Outubro Rosa<\/p>\n<p>A Campanha Outubro Rosa alerta para a necessidade do diagn\u00f3stico precoce da doen\u00e7a na luta pela cura: mamografias e autoexames devem fazer parte da rotina feminina.<\/p>\n<p>Os sinais do corpo<\/p>\n<p>Apesar de o c\u00e2ncer ser uma doen\u00e7a, na maioria das vezes, com desenvolvimento silencioso, algumas mulheres sentem mudan\u00e7as no corpo. Os sintomas incluem n\u00f3dulo na mama, secre\u00e7\u00e3o com sangue pelo mamilo e altera\u00e7\u00f5es na forma ou na textura do mamilo ou da mama. O tratamento depende da fase do tumor. Pode incluir quimioterapia, radioterapia e cirurgia.<\/p>\n<p>\u00c9 consenso entre especialistas e mulheres curadas que a doen\u00e7a n\u00e3o deve ser encarada como um bicho de sete cabe\u00e7as. Em 19 de outubro, \u00e9 comemorado o Dia Internacional contra o C\u00e2ncer de Mama, que, mais uma vez, lembra a todas de cuidar da pr\u00f3pria sa\u00fade.<\/p>\n<p><strong>CARIRI EM A\u00c7\u00c3O<\/strong><\/p>\n<p><em>Com Ascom\/Foto: Google\u00a0<\/em><\/p>\n<p><strong>Leia mais not\u00edcias em\u00a0<\/strong><a href=\"http:\/\/www.caririemacao.com\/\"><strong>caririemacao.com<\/strong><\/a><strong>, siga nossa p\u00e1gina no\u00a0<\/strong><a href=\"https:\/\/www.facebook.com\/CaririEmAcao\/?ref=aymt_homepage_panel\"><strong>Facebook<\/strong><\/a>,<strong>\u00a0<\/strong><a href=\"https:\/\/www.instagram.com\/cariri_em_acao\/?hl=pt-br\"><strong>Instagram<\/strong><\/a><strong>\u00a0e <\/strong><a href=\"https:\/\/www.youtube.com\/channel\/UCAptA0jQuYQy8vMhLt2m4qg\"><strong>Youtube<\/strong><\/a><strong>\u00a0e veja nossas mat\u00e9rias, v\u00eddeos e fotos. Voc\u00ea tamb\u00e9m pode enviar informa\u00e7\u00f5es \u00e0 Reda\u00e7\u00e3o do Portal Cariri em A\u00e7\u00e3o pelo WhatsApp (83) 9 9634.5791, (83) 9 9601-1162.<\/strong><\/p>\n","protected":false},"excerpt":{"rendered":"<p>Com a chegada do Outubro Rosa, o munic\u00edpio de Monteiro intensifica as a\u00e7\u00f5es voltadas \u00e0s mulheres, mesmo a cidade cultivando o \u201cAno Rosa\u201d, pois o&hellip; <\/p>\n","protected":false},"author":2,"featured_media":29921,"comment_status":"closed","ping_status":"closed","sticky":false,"template":"","format":"standard","meta":{"sfsi_plus_gutenberg_text_before_share":"","sfsi_plus_gutenberg_show_text_before_share":"","sfsi_plus_gutenberg_icon_type":"","sfsi_plus_gutenberg_icon_alignemt":"","sfsi_plus_gutenburg_max_per_row":"","footnotes":""},"categories":[6],"tags":[],"class_list":["post-29920","post","type-post","status-publish","format-standard","has-post-thumbnail","hentry","category-cidades"],"_links":{"self":[{"href":"https:\/\/www.caririemacao.com\/1\/wp-json\/wp\/v2\/posts\/29920","targetHints":{"allow":["GET"]}}],"collection":[{"href":"https:\/\/www.caririemacao.com\/1\/wp-json\/wp\/v2\/posts"}],"about":[{"href":"https:\/\/www.caririemacao.com\/1\/wp-json\/wp\/v2\/types\/post"}],"author":[{"embeddable":true,"href":"https:\/\/www.caririemacao.com\/1\/wp-json\/wp\/v2\/users\/2"}],"replies":[{"embeddable":true,"href":"https:\/\/www.caririemacao.com\/1\/wp-json\/wp\/v2\/comments?post=29920"}],"version-history":[{"count":0,"href":"https:\/\/www.caririemacao.com\/1\/wp-json\/wp\/v2\/posts\/29920\/revisions"}],"wp:featuredmedia":[{"embeddable":true,"href":"https:\/\/www.caririemacao.com\/1\/wp-json\/wp\/v2\/media\/29921"}],"wp:attachment":[{"href":"https:\/\/www.caririemacao.com\/1\/wp-json\/wp\/v2\/media?parent=29920"}],"wp:term":[{"taxonomy":"category","embeddable":true,"href":"https:\/\/www.caririemacao.com\/1\/wp-json\/wp\/v2\/categories?post=29920"},{"taxonomy":"post_tag","embeddable":true,"href":"https:\/\/www.caririemacao.com\/1\/wp-json\/wp\/v2\/tags?post=29920"}],"curies":[{"name":"wp","href":"https:\/\/api.w.org\/{rel}","templated":true}]}}