{"id":29923,"date":"2017-10-04T09:29:17","date_gmt":"2017-10-04T12:29:17","guid":{"rendered":"http:\/\/caririemacao.com\/1\/?p=29923"},"modified":"2017-10-04T09:29:17","modified_gmt":"2017-10-04T12:29:17","slug":"senado-recua-e-adia-votacao-sobre-decisao-do-stf-contra-aecio","status":"publish","type":"post","link":"https:\/\/www.caririemacao.com\/1\/2017\/10\/04\/senado-recua-e-adia-votacao-sobre-decisao-do-stf-contra-aecio\/","title":{"rendered":"Senado recua e adia vota\u00e7\u00e3o sobre decis\u00e3o do STF contra A\u00e9cio"},"content":{"rendered":"<p>Senado decidiu nesta ter\u00e7a-feira (3), em vota\u00e7\u00e3o no plen\u00e1rio, recuar e adiou para o dia 17 de outubro a vota\u00e7\u00e3o que poderia barrar o afastamento e o recolhimento noturno do senador\u00a0A\u00e9cio Neves\u00a0(PSDB-MG). As san\u00e7\u00f5es ao senador foram impostas pela 1\u00aa Turma do\u00a0Supremo Tribunal Federal (STF). O adiamento foi aprovado por 50 votos a 21.<\/p>\n<p>A decis\u00e3o por postergar a vota\u00e7\u00e3o evitou o acirramento de uma crise institucional entre os poderes e ocorreu mesmo ap\u00f3s o ministro\u00a0Edson Fachin, do Supremo Tribunal Federal (STF), negar liminar da defesa de A\u00e9cio para suspender as restri\u00e7\u00f5es ao tucano. Um parecer favor\u00e1vel ao recurso evitaria a vota\u00e7\u00e3o no Senado.<\/p>\n<p>Por\u00e9m, diante do impasse sobre a legalidade do afastamento do mandato por decis\u00e3o judicial, a maioria dos senadores entendeu que seria melhor aguardar a manifesta\u00e7\u00e3o do STF sobre uma a\u00e7\u00e3o que defende a necessidade de aval do Congresso para a aplica\u00e7\u00e3o de medidas cautelares contra parlamentares. O julgamento, que pode beneficiar A\u00e9cio, est\u00e1 agendado para o dia 11.Tamb\u00e9m pesou para a decis\u00e3o a incerteza sobre uma vota\u00e7\u00e3o favor\u00e1vel a A\u00e9cio no plen\u00e1rio.<\/p>\n<p>Na avalia\u00e7\u00e3o de aliados do tucano, o clima no Senado ficou menos favor\u00e1vel em rela\u00e7\u00e3o \u00e0 semana passada. Muitos senadores que antes sa\u00edram em defesa do enfrentamento com o Supremo sob o argumento da independ\u00eancia entre Poderes viram que o discurso poderia ser interpretado como uma desculpa para salvar o colega, investigado em nove inqu\u00e9ritos. O PT, por exemplo, que na semana passada divulgou uma nota na qual defendeu a derrubada da decis\u00e3o contra o tucano, mudou o tom nesta ter\u00e7a-feira e pregou o adiamento.<\/p>\n<p>&#8220;Se a gente tomar uma decis\u00e3o antes de o Supremo se posicionar, essa decis\u00e3o s\u00f3 vai valer para o A\u00e9cio&#8221;, afirmou o senador Humberto Costa (PT-PE). Gleisi Hoffamnn, presidente do PT, repetiu que &#8220;o que a 1\u00aa Turma do STF fez n\u00e3o \u00e9 correto&#8221;. &#8220;Quero o A\u00e9cio penalizado; mas dentro do devido processo legal&#8221;, comentou.<\/p>\n<p>Costa disse que o partido estava tomando posi\u00e7\u00e3o em cima de uma tese, n\u00e3o do caso espec\u00edfico de A\u00e9cio. &#8220;N\u00e3o h\u00e1 posicionamento do partido em cima de quem est\u00e1 em julgamento, mas em cima de uma tese. Hoje a atribui\u00e7\u00e3o de punir parlamentares \u00e9 do Congresso, mas se as pessoas n\u00e3o entenderam (a posi\u00e7\u00e3o do PT), paci\u00eancia.&#8221;<\/p>\n<div class=\"componente_materia\">\n<div class=\"intertitulo\">Acordo<\/div>\n<\/div>\n<p>O adiamento foi costurado pelo pr\u00f3prio presidente do Senado, Eun\u00edcio Oliveira (PMDB-CE), que tamb\u00e9m recuou do tom beligerante de ontem, quando defendeu a vota\u00e7\u00e3o em nome da prerrogativa do Legislativo de decidir se aceita as medidas contra o tucano. Hoje, por\u00e9m, se esquivou de reuni\u00f5es em que seria pressionado a colocar a quest\u00e3o em vota\u00e7\u00e3o no plen\u00e1rio. Ap\u00f3s a negativa de Fachin sobre o recurso da defesa, reuniu alguns senadores para informar que tentaria adiar.<\/p>\n<p>&#8220;Estamos dando a oportunidade para a Suprema corte revise por meio do pleno uma decis\u00e3o por meio de sua turma. Ou o Senado poder\u00e1 lan\u00e7ar m\u00e3o de suas prerrogativas para equilibrar freios e contrapesos do nosso sistema democr\u00e1tico&#8221;, disse Eun\u00edcio.<\/p>\n<p>Antes mesmo da decis\u00e3o, por\u00e9m, alguns senadores j\u00e1 protestavam. Entre eles, o l\u00edder do governo, Romero Juc\u00e1 (PMDB-RR), que na semana passada articulou a rea\u00e7\u00e3o mais enf\u00e1tica de senadores contra o Supremo.<\/p>\n<p>&#8220;Essa Casa tem obriga\u00e7\u00e3o de passar a limpo. Espero que essa Casa se d\u00ea ao respeito&#8221;, disse o peemedebista, que deixou o hospital em Boa Vista ap\u00f3s dois dias internado com o quadro de diverticulite para ir ao Senado. Ap\u00f3s o discurso e antes mesmo da vota\u00e7\u00e3o, viajou a S\u00e3o Paulo, onde deve ser internado ainda hoje no Hospital S\u00edrio-Liban\u00eas.<\/p>\n<p>Em seu discurso no plen\u00e1rio, que disse &#8220;contaminado pela infec\u00e7\u00e3o&#8221;, Juc\u00e1 voltou a atacar o ex-procurador-geral Rodrigo Janot, que abriu as investiga\u00e7\u00f5es contra A\u00e9cio e contra ele pr\u00f3prio.<\/p>\n<p>&#8220;O que se fez e o que est\u00e1 se fazendo, at\u00e9 pouco tempo, era um atentado a este pa\u00eds. Era um golpe, tentando acabar com a classe pol\u00edtica, os partidos, o governo, numa loucura, num sonho ensandecido: ter o terceiro mandato de procurador-geral e ser presidente da Rep\u00fablica. Esse era o projeto. Rid\u00edculo quando falamos assim.&#8221;<\/p>\n<p>Outro investigado, o senador Renan Calheiros (PMDB-AL) tamb\u00e9m defendeu o enfrentamento com o Supremo. &#8220;Se o Senado se submeter a isso, eu acho que o mais recomend\u00e1vel para a Mesa Diretora era pegar a chave do Senado Federal e fazer como fizeram na ditadura militar e entregar ao Supremo Tribunal Federal, com todo o respeito&#8221;, disse o ex-presidente da Casa.<\/p>\n<p>Por outro lado, mesmo entre partidos aliados do PSDB, como o DEM, o discurso foi pela &#8220;prud\u00eancia&#8221;. &#8220;\u00c9 o momento de entendermos que n\u00f3s precisamos saber o que realmente pensa o pleno do Supremo Tribunal Federal, e n\u00e3o apenas a maioria de uma Turma&#8221;, disse o l\u00edder do DEM no Senado, Ronaldo Caiado (GO).<\/p>\n<p><strong>CARIRI EM A\u00c7\u00c3O<\/strong><\/p>\n<p><em>Com \u00c9poca Neg\u00f3cios\u00a0\/Foto: Reprodu\u00e7\u00e3o<\/em><\/p>\n<p><strong>Leia mais not\u00edcias em\u00a0<\/strong><a href=\"http:\/\/www.caririemacao.com\/\"><strong>caririemacao.com<\/strong><\/a><strong>, siga nossa p\u00e1gina no\u00a0<\/strong><a href=\"https:\/\/www.facebook.com\/CaririEmAcao\/?ref=aymt_homepage_panel\"><strong>Facebook<\/strong><\/a>,<strong>\u00a0<\/strong><a href=\"https:\/\/www.instagram.com\/cariri_em_acao\/?hl=pt-br\"><strong>Instagram<\/strong><\/a><strong>\u00a0e <\/strong><a href=\"https:\/\/www.youtube.com\/channel\/UCAptA0jQuYQy8vMhLt2m4qg\"><strong>Youtube<\/strong><\/a><strong>\u00a0e veja nossas mat\u00e9rias, v\u00eddeos e fotos. Voc\u00ea tamb\u00e9m pode enviar informa\u00e7\u00f5es \u00e0 Reda\u00e7\u00e3o do Portal Cariri em A\u00e7\u00e3o pelo WhatsApp (83) 9 9634.5791, (83) 9 9601-1162.<\/strong><\/p>\n","protected":false},"excerpt":{"rendered":"<p>Senado decidiu nesta ter\u00e7a-feira (3), em vota\u00e7\u00e3o no plen\u00e1rio, recuar e adiou para o dia 17 de outubro a vota\u00e7\u00e3o que poderia barrar o afastamento&hellip; <\/p>\n","protected":false},"author":2,"featured_media":29924,"comment_status":"closed","ping_status":"closed","sticky":false,"template":"","format":"standard","meta":{"sfsi_plus_gutenberg_text_before_share":"","sfsi_plus_gutenberg_show_text_before_share":"","sfsi_plus_gutenberg_icon_type":"","sfsi_plus_gutenberg_icon_alignemt":"","sfsi_plus_gutenburg_max_per_row":"","footnotes":""},"categories":[11],"tags":[],"class_list":["post-29923","post","type-post","status-publish","format-standard","has-post-thumbnail","hentry","category-politica"],"_links":{"self":[{"href":"https:\/\/www.caririemacao.com\/1\/wp-json\/wp\/v2\/posts\/29923","targetHints":{"allow":["GET"]}}],"collection":[{"href":"https:\/\/www.caririemacao.com\/1\/wp-json\/wp\/v2\/posts"}],"about":[{"href":"https:\/\/www.caririemacao.com\/1\/wp-json\/wp\/v2\/types\/post"}],"author":[{"embeddable":true,"href":"https:\/\/www.caririemacao.com\/1\/wp-json\/wp\/v2\/users\/2"}],"replies":[{"embeddable":true,"href":"https:\/\/www.caririemacao.com\/1\/wp-json\/wp\/v2\/comments?post=29923"}],"version-history":[{"count":0,"href":"https:\/\/www.caririemacao.com\/1\/wp-json\/wp\/v2\/posts\/29923\/revisions"}],"wp:featuredmedia":[{"embeddable":true,"href":"https:\/\/www.caririemacao.com\/1\/wp-json\/wp\/v2\/media\/29924"}],"wp:attachment":[{"href":"https:\/\/www.caririemacao.com\/1\/wp-json\/wp\/v2\/media?parent=29923"}],"wp:term":[{"taxonomy":"category","embeddable":true,"href":"https:\/\/www.caririemacao.com\/1\/wp-json\/wp\/v2\/categories?post=29923"},{"taxonomy":"post_tag","embeddable":true,"href":"https:\/\/www.caririemacao.com\/1\/wp-json\/wp\/v2\/tags?post=29923"}],"curies":[{"name":"wp","href":"https:\/\/api.w.org\/{rel}","templated":true}]}}