{"id":29926,"date":"2017-10-04T09:33:03","date_gmt":"2017-10-04T12:33:03","guid":{"rendered":"http:\/\/caririemacao.com\/1\/?p=29926"},"modified":"2017-10-04T09:33:03","modified_gmt":"2017-10-04T12:33:03","slug":"psdb-decide-hoje-se-retira-relator-da-ccj","status":"publish","type":"post","link":"https:\/\/www.caririemacao.com\/1\/2017\/10\/04\/psdb-decide-hoje-se-retira-relator-da-ccj\/","title":{"rendered":"PSDB decide hoje se retira relator da CCJ"},"content":{"rendered":"<p>A decis\u00e3o sobre a retirada do deputado Bonif\u00e1cio Andrada (PSDB-MG) da Comiss\u00e3o de Constitui\u00e7\u00e3o e Justi\u00e7a (CCJ) da C\u00e2mara, o que significaria sua sa\u00edda do cargo de relator da den\u00fancia contra o presidente da Rep\u00fablica, Michel Temer, e dois ministros, ser\u00e1 tomada nesta quarta-feira (4), informou o l\u00edder do PSDB na Casa, deputado Ricardo Tr\u00edpoli (SP).<\/p>\n<p>Segundo o deputado, ainda h\u00e1 a expectativa de que Andrada entregue o cargo e evite a decis\u00e3o da lideran\u00e7a. O deputado mineiro foi indicado como relator da den\u00fancia pelo presidente da CCJ, deputado Rodrigo Pacheco (PMDB-MG), mesmo ap\u00f3s apelos de Tr\u00edpoli para que o cargo n\u00e3o fosse atribu\u00eddo a parlamentar do PSDB.<\/p>\n<p>\u201cEspero que ele fa\u00e7a uma reflex\u00e3o daquilo que havia se comprometido comigo e com o PSDB, no sentido de n\u00e3o aceitar essa indica\u00e7\u00e3o. Ainda tor\u00e7o para que isso ocorra e que a gente possa dar andamento \u00e0 vota\u00e7\u00e3o em plen\u00e1rio\u201d, disse Tr\u00edpoli.<\/p>\n<p>Durante mais de tr\u00eas horas, nesta ter\u00e7a-feira (3), os deputados que comp\u00f5em a bancada se reuniram com advogados do partido para discutir ponto a ponto a den\u00fancia da Procuradoria-Geral da Rep\u00fablica (PGR) contra o Michel Temer e os ministros Eliseu Padilha (Casa Civil) e Moreira Franco (Secretaria-Geral), acusados de obstru\u00e7\u00e3o da Justi\u00e7a e organiza\u00e7\u00e3o criminosa.<\/p>\n<p><strong>Bancada dividida<\/strong><\/p>\n<p>A indica\u00e7\u00e3o de Andrada tem causado inc\u00f4modo dentro do PSDB. Rachado, o partido, que tem tr\u00eas ministros no governo de Michel Temer, re\u00fane um n\u00famero significativo de deputados que pretendem votar pela autoriza\u00e7\u00e3o da den\u00fancia. Bonif\u00e1cio de Andrada votou pelo arquivamento da primeira den\u00fancia contra Temer por corrup\u00e7\u00e3o passiva e j\u00e1 sinalizou que pode seguir essa tend\u00eancia na segunda acusa\u00e7\u00e3o.<\/p>\n<p>Tr\u00edpoli informou ainda que n\u00e3o pretende trocar membros do partido na CCJ. Andrada \u00e9 suplente da comiss\u00e3o e, apesar de poder conduzir os trabalhos como relator, n\u00e3o estaria apto a proferir voto. \u201cAo l\u00edder cabe indicar [os membros do partido na CCJ], cabe isso. Se ao l\u00edder cabe indicar, cabe tamb\u00e9m solicitar retirada. Eu disse que n\u00e3o modificaria nenhum titular e pretendo n\u00e3o trocar nenhum titular. O deputado Bonif\u00e1cio \u00e9 suplente, n\u00f3s vamos aguardar at\u00e9 amanh\u00e3\u201d, ressaltou.<\/p>\n<p><strong>Presidente da CCJ<\/strong><\/p>\n<p>Apesar da insist\u00eancia de Tr\u00edpoli em retirar o nome de Andrada da relatoria da den\u00fancia, o presidente da CCJ reafirmou nesta ter\u00e7a-feira que n\u00e3o pretende trocar o relator. Questionado se teria um nome alternativo de relator, caso o PSDB tire Bonif\u00e1cio da comiss\u00e3o, Pacheco se limitou a dizer que \u201cn\u00e3o tem outro nome e n\u00e3o h\u00e1 plano B\u201d.<\/p>\n<p>\u201cEu tenho uma cren\u00e7a, a de que o deputado Bonif\u00e1cio de Andrada, pelo que ele representa na pol\u00edtica, pelo ativo pol\u00edtico que ele tem, de 10 mandatos nessa Casa sem que nada o macule em termos de dignidade de car\u00e1ter, que ele possa ser independente nessa segunda den\u00fancia\u201d, defendeu Pacheco. \u201cEle permanece na relatoria, salvo se ele pr\u00f3prio afirmar que n\u00e3o deseja permanecer\u201d, completou.<\/p>\n<p><strong>CARIRI EM A\u00c7\u00c3O<\/strong><\/p>\n<p><em>Com Ag\u00eancia Brasil\/Foto: Google\u00a0\u00a0 <\/em><\/p>\n<p><strong>Leia mais not\u00edcias em\u00a0<\/strong><a href=\"http:\/\/www.caririemacao.com\/\"><strong>caririemacao.com<\/strong><\/a><strong>, siga nossa p\u00e1gina no\u00a0<\/strong><a href=\"https:\/\/www.facebook.com\/CaririEmAcao\/?ref=aymt_homepage_panel\"><strong>Facebook<\/strong><\/a>,<strong>\u00a0<\/strong><a href=\"https:\/\/www.instagram.com\/cariri_em_acao\/?hl=pt-br\"><strong>Instagram<\/strong><\/a><strong>\u00a0e <\/strong><a href=\"https:\/\/www.youtube.com\/channel\/UCAptA0jQuYQy8vMhLt2m4qg\"><strong>Youtube<\/strong><\/a><strong>\u00a0e veja nossas mat\u00e9rias, v\u00eddeos e fotos. Voc\u00ea tamb\u00e9m pode enviar informa\u00e7\u00f5es \u00e0 Reda\u00e7\u00e3o do Portal Cariri em A\u00e7\u00e3o pelo WhatsApp (83) 9 9634.5791, (83) 9 9601-1162.<\/strong><\/p>\n","protected":false},"excerpt":{"rendered":"<p>A decis\u00e3o sobre a retirada do deputado Bonif\u00e1cio Andrada (PSDB-MG) da Comiss\u00e3o de Constitui\u00e7\u00e3o e Justi\u00e7a (CCJ) da C\u00e2mara, o que significaria sua sa\u00edda do&hellip; <\/p>\n","protected":false},"author":2,"featured_media":29927,"comment_status":"closed","ping_status":"closed","sticky":false,"template":"","format":"standard","meta":{"sfsi_plus_gutenberg_text_before_share":"","sfsi_plus_gutenberg_show_text_before_share":"","sfsi_plus_gutenberg_icon_type":"","sfsi_plus_gutenberg_icon_alignemt":"","sfsi_plus_gutenburg_max_per_row":"","footnotes":""},"categories":[11],"tags":[],"class_list":["post-29926","post","type-post","status-publish","format-standard","has-post-thumbnail","hentry","category-politica"],"_links":{"self":[{"href":"https:\/\/www.caririemacao.com\/1\/wp-json\/wp\/v2\/posts\/29926","targetHints":{"allow":["GET"]}}],"collection":[{"href":"https:\/\/www.caririemacao.com\/1\/wp-json\/wp\/v2\/posts"}],"about":[{"href":"https:\/\/www.caririemacao.com\/1\/wp-json\/wp\/v2\/types\/post"}],"author":[{"embeddable":true,"href":"https:\/\/www.caririemacao.com\/1\/wp-json\/wp\/v2\/users\/2"}],"replies":[{"embeddable":true,"href":"https:\/\/www.caririemacao.com\/1\/wp-json\/wp\/v2\/comments?post=29926"}],"version-history":[{"count":0,"href":"https:\/\/www.caririemacao.com\/1\/wp-json\/wp\/v2\/posts\/29926\/revisions"}],"wp:featuredmedia":[{"embeddable":true,"href":"https:\/\/www.caririemacao.com\/1\/wp-json\/wp\/v2\/media\/29927"}],"wp:attachment":[{"href":"https:\/\/www.caririemacao.com\/1\/wp-json\/wp\/v2\/media?parent=29926"}],"wp:term":[{"taxonomy":"category","embeddable":true,"href":"https:\/\/www.caririemacao.com\/1\/wp-json\/wp\/v2\/categories?post=29926"},{"taxonomy":"post_tag","embeddable":true,"href":"https:\/\/www.caririemacao.com\/1\/wp-json\/wp\/v2\/tags?post=29926"}],"curies":[{"name":"wp","href":"https:\/\/api.w.org\/{rel}","templated":true}]}}