{"id":29932,"date":"2017-10-04T09:49:15","date_gmt":"2017-10-04T12:49:15","guid":{"rendered":"http:\/\/caririemacao.com\/1\/?p=29932"},"modified":"2017-10-04T09:49:15","modified_gmt":"2017-10-04T12:49:15","slug":"prefeito-de-sao-sebastiao-do-umbuzeiro-participa-de-encontro-de-gestores-municipais-em-brasilia","status":"publish","type":"post","link":"https:\/\/www.caririemacao.com\/1\/2017\/10\/04\/prefeito-de-sao-sebastiao-do-umbuzeiro-participa-de-encontro-de-gestores-municipais-em-brasilia\/","title":{"rendered":"Prefeito de S\u00e3o Sebasti\u00e3o do Umbuzeiro participa de encontro de gestores municipais, em Bras\u00edlia"},"content":{"rendered":"<p>O Prefeito de S\u00e3o Sebasti\u00e3o do Umbuzeiro, Adriano Wollf(DEM), participa da reuni\u00e3o com gestores e parlamentares, organizado pela CNM, em Bras\u00edlia. Entretanto o prefeito informou que a reuni\u00e3o marcada dos prefeitos com o presidente Michel Temer (PMDB) foi cancelada, mas que est\u00e1 sendo mobilizado junto aos parlamentares que a reuni\u00e3o seja remarcada para amanh\u00e3.<\/p>\n<p>Adriano ainda acrescentou que estar\u00e1 reunido com prefeitos dos estados da Para\u00edba, Pernambuco e Rio Grande do Norte e o presidente da C\u00e2mara dos Deputados, Rodrigo Maia (PMDB). Os gestores estiveram pressionando o presidente do Legislativo Federal, pela aprova\u00e7\u00e3o da PEC que concede um aporte financeiro de 1% da uni\u00e3o aos munic\u00edpios, especialmente os da regi\u00e3o Nordeste.<\/p>\n<p>O Encontro da Confedera\u00e7\u00e3o Nacional dos Munic\u00edpios (CNM), na capital federal, tem o objetivo de discutir e buscar solu\u00e7\u00f5es para a crise financeira que atinge os munic\u00edpios brasileiros.<\/p>\n<p><strong>CARIRI EM A\u00c7\u00c3O<\/strong><\/p>\n<p><em>Com <i>Para\u00edba\u00a0Debate<\/i> \/Foto:Cariri em A\u00e7\u00e3o\u00a0<\/em><\/p>\n<p><strong>Leia mais not\u00edcias em\u00a0<\/strong><a href=\"http:\/\/www.caririemacao.com\/\"><strong>caririemacao.com<\/strong><\/a><strong>, siga nossa p\u00e1gina no\u00a0<\/strong><a href=\"https:\/\/www.facebook.com\/CaririEmAcao\/?ref=aymt_homepage_panel\"><strong>Facebook<\/strong><\/a>,<strong>\u00a0<\/strong><a href=\"https:\/\/www.instagram.com\/cariri_em_acao\/?hl=pt-br\"><strong>Instagram<\/strong><\/a><strong>\u00a0e <\/strong><a href=\"https:\/\/www.youtube.com\/channel\/UCAptA0jQuYQy8vMhLt2m4qg\"><strong>Youtube<\/strong><\/a><strong>\u00a0e veja nossas mat\u00e9rias, v\u00eddeos e fotos. Voc\u00ea tamb\u00e9m pode enviar informa\u00e7\u00f5es \u00e0 Reda\u00e7\u00e3o do Portal Cariri em A\u00e7\u00e3o pelo WhatsApp (83) 9 9634.5791, (83) 9 9601-1162.<\/strong><\/p>\n","protected":false},"excerpt":{"rendered":"<p>O Prefeito de S\u00e3o Sebasti\u00e3o do Umbuzeiro, Adriano Wollf(DEM), participa da reuni\u00e3o com gestores e parlamentares, organizado pela CNM, em Bras\u00edlia. Entretanto o prefeito informou&hellip; <\/p>\n","protected":false},"author":2,"featured_media":25951,"comment_status":"closed","ping_status":"closed","sticky":false,"template":"","format":"standard","meta":{"sfsi_plus_gutenberg_text_before_share":"","sfsi_plus_gutenberg_show_text_before_share":"","sfsi_plus_gutenberg_icon_type":"","sfsi_plus_gutenberg_icon_alignemt":"","sfsi_plus_gutenburg_max_per_row":"","footnotes":""},"categories":[11],"tags":[],"class_list":["post-29932","post","type-post","status-publish","format-standard","has-post-thumbnail","hentry","category-politica"],"_links":{"self":[{"href":"https:\/\/www.caririemacao.com\/1\/wp-json\/wp\/v2\/posts\/29932","targetHints":{"allow":["GET"]}}],"collection":[{"href":"https:\/\/www.caririemacao.com\/1\/wp-json\/wp\/v2\/posts"}],"about":[{"href":"https:\/\/www.caririemacao.com\/1\/wp-json\/wp\/v2\/types\/post"}],"author":[{"embeddable":true,"href":"https:\/\/www.caririemacao.com\/1\/wp-json\/wp\/v2\/users\/2"}],"replies":[{"embeddable":true,"href":"https:\/\/www.caririemacao.com\/1\/wp-json\/wp\/v2\/comments?post=29932"}],"version-history":[{"count":0,"href":"https:\/\/www.caririemacao.com\/1\/wp-json\/wp\/v2\/posts\/29932\/revisions"}],"wp:featuredmedia":[{"embeddable":true,"href":"https:\/\/www.caririemacao.com\/1\/wp-json\/wp\/v2\/media\/25951"}],"wp:attachment":[{"href":"https:\/\/www.caririemacao.com\/1\/wp-json\/wp\/v2\/media?parent=29932"}],"wp:term":[{"taxonomy":"category","embeddable":true,"href":"https:\/\/www.caririemacao.com\/1\/wp-json\/wp\/v2\/categories?post=29932"},{"taxonomy":"post_tag","embeddable":true,"href":"https:\/\/www.caririemacao.com\/1\/wp-json\/wp\/v2\/tags?post=29932"}],"curies":[{"name":"wp","href":"https:\/\/api.w.org\/{rel}","templated":true}]}}