{"id":29934,"date":"2017-10-04T09:56:59","date_gmt":"2017-10-04T12:56:59","guid":{"rendered":"http:\/\/caririemacao.com\/1\/?p=29934"},"modified":"2017-10-04T09:57:58","modified_gmt":"2017-10-04T12:57:58","slug":"com-lesao-muscular-meia-diego-e-cortado-da-selecao-brasileira","status":"publish","type":"post","link":"https:\/\/www.caririemacao.com\/1\/2017\/10\/04\/com-lesao-muscular-meia-diego-e-cortado-da-selecao-brasileira\/","title":{"rendered":"Com les\u00e3o muscular, meia Diego \u00e9 cortado da Sele\u00e7\u00e3o Brasileira"},"content":{"rendered":"<p>A Confedera\u00e7\u00e3o Brasileira de Futebol (CBF) informou nesta ter\u00e7a-feira (3) que o meio-campo Diego, do Flamengo, est\u00e1 desconvocado da Sele\u00e7\u00e3o Brasileira para os pr\u00f3ximos jogos contra a Bol\u00edvia, no dia 5, e o Chile, no dia 10.<\/p>\n<p>O jogador se apresentou na manh\u00e3 desta ter\u00e7a com uma queixa de dor muscular na coxa esquerda. Ele foi avaliado pelo m\u00e9dico da sele\u00e7\u00e3o, Rodrigo Lasmar. \u201cRealizamos exame de imagem e confirmamos uma pequena les\u00e3o muscular que o impede de participar do per\u00edodo de convoca\u00e7\u00e3o\u201d, informou o m\u00e9dico.<\/p>\n<p>O t\u00e9cnico Tite n\u00e3o vai convocar outro atleta para o lugar de Diego e a sele\u00e7\u00e3o embarcar\u00e1 para os dois jogos, com 23 jogadores.<\/p>\n<p>A Sele\u00e7\u00e3o Brasileira est\u00e1 concentrada na Granja Comary, em Teres\u00f3polis, regi\u00e3o serrana do Rio de Janeiro, at\u00e9 esta quarta-feira (4), quando viajar\u00e1 para a Bol\u00edvia. O Brasil enfrentar\u00e1 os bolivianos nesta quinta-feira, \u00e0s 17h (hor\u00e1rio de Bras\u00edlia), e o Chile, no dia 10, \u00e0s 20h30, no est\u00e1dio Allianz Parque, em S\u00e3o Paulo.<\/p>\n<p><strong>CARIRI EM A\u00c7\u00c3O<\/strong><\/p>\n<p><em>Com Ag\u00eancia Brasil\/Foto: Google\u00a0\u00a0 <\/em><\/p>\n<p><strong>Leia mais not\u00edcias em\u00a0<\/strong><a href=\"http:\/\/www.caririemacao.com\/\"><strong>caririemacao.com<\/strong><\/a><strong>, siga nossa p\u00e1gina no\u00a0<\/strong><a href=\"https:\/\/www.facebook.com\/CaririEmAcao\/?ref=aymt_homepage_panel\"><strong>Facebook<\/strong><\/a>,<strong>\u00a0<\/strong><a href=\"https:\/\/www.instagram.com\/cariri_em_acao\/?hl=pt-br\"><strong>Instagram<\/strong><\/a><strong>\u00a0e <\/strong><a href=\"https:\/\/www.youtube.com\/channel\/UCAptA0jQuYQy8vMhLt2m4qg\"><strong>Youtube<\/strong><\/a><strong>\u00a0e veja nossas mat\u00e9rias, v\u00eddeos e fotos. Voc\u00ea tamb\u00e9m pode enviar informa\u00e7\u00f5es \u00e0 Reda\u00e7\u00e3o do Portal Cariri em A\u00e7\u00e3o pelo WhatsApp (83) 9 9634.5791, (83) 9 9601-1162.<\/strong><\/p>\n","protected":false},"excerpt":{"rendered":"<p>A Confedera\u00e7\u00e3o Brasileira de Futebol (CBF) informou nesta ter\u00e7a-feira (3) que o meio-campo Diego, do Flamengo, est\u00e1 desconvocado da Sele\u00e7\u00e3o Brasileira para os pr\u00f3ximos jogos&hellip; <\/p>\n","protected":false},"author":2,"featured_media":29935,"comment_status":"closed","ping_status":"closed","sticky":false,"template":"","format":"standard","meta":{"sfsi_plus_gutenberg_text_before_share":"","sfsi_plus_gutenberg_show_text_before_share":"","sfsi_plus_gutenberg_icon_type":"","sfsi_plus_gutenberg_icon_alignemt":"","sfsi_plus_gutenburg_max_per_row":"","footnotes":""},"categories":[13],"tags":[],"class_list":["post-29934","post","type-post","status-publish","format-standard","has-post-thumbnail","hentry","category-esportes"],"_links":{"self":[{"href":"https:\/\/www.caririemacao.com\/1\/wp-json\/wp\/v2\/posts\/29934","targetHints":{"allow":["GET"]}}],"collection":[{"href":"https:\/\/www.caririemacao.com\/1\/wp-json\/wp\/v2\/posts"}],"about":[{"href":"https:\/\/www.caririemacao.com\/1\/wp-json\/wp\/v2\/types\/post"}],"author":[{"embeddable":true,"href":"https:\/\/www.caririemacao.com\/1\/wp-json\/wp\/v2\/users\/2"}],"replies":[{"embeddable":true,"href":"https:\/\/www.caririemacao.com\/1\/wp-json\/wp\/v2\/comments?post=29934"}],"version-history":[{"count":0,"href":"https:\/\/www.caririemacao.com\/1\/wp-json\/wp\/v2\/posts\/29934\/revisions"}],"wp:featuredmedia":[{"embeddable":true,"href":"https:\/\/www.caririemacao.com\/1\/wp-json\/wp\/v2\/media\/29935"}],"wp:attachment":[{"href":"https:\/\/www.caririemacao.com\/1\/wp-json\/wp\/v2\/media?parent=29934"}],"wp:term":[{"taxonomy":"category","embeddable":true,"href":"https:\/\/www.caririemacao.com\/1\/wp-json\/wp\/v2\/categories?post=29934"},{"taxonomy":"post_tag","embeddable":true,"href":"https:\/\/www.caririemacao.com\/1\/wp-json\/wp\/v2\/tags?post=29934"}],"curies":[{"name":"wp","href":"https:\/\/api.w.org\/{rel}","templated":true}]}}