{"id":299349,"date":"2025-05-13T22:02:49","date_gmt":"2025-05-14T01:02:49","guid":{"rendered":"https:\/\/www.caririemacao.com\/1\/?p=299349"},"modified":"2025-05-13T22:02:49","modified_gmt":"2025-05-14T01:02:49","slug":"em-monteiro-com-articulacao-do-deputado-michel-henrique-reforma-da-escola-miguel-santa-cruz-e-confirmada-pela-secretaria-de-educacao","status":"publish","type":"post","link":"https:\/\/www.caririemacao.com\/1\/2025\/05\/13\/em-monteiro-com-articulacao-do-deputado-michel-henrique-reforma-da-escola-miguel-santa-cruz-e-confirmada-pela-secretaria-de-educacao\/","title":{"rendered":"Em Monteiro, com articula\u00e7\u00e3o do deputado Michel Henrique, reforma da Escola Miguel Santa Cruz \u00e9 confirmada pela Secretaria de Educa\u00e7\u00e3o"},"content":{"rendered":"<p class=\"\" data-start=\"278\" data-end=\"581\">A tradicional Escola Miguel Santa Cruz, em Monteiro, prestes a completar 90 anos de hist\u00f3ria e reconhecida como patrim\u00f4nio hist\u00f3rico da Para\u00edba, ser\u00e1 contemplada com uma importante reforma. A conquista \u00e9 fruto da articula\u00e7\u00e3o do deputado estadual Michel Henrique junto \u00e0 Secretaria de Estado da Educa\u00e7\u00e3o.<\/p>\n<p class=\"\" data-start=\"583\" data-end=\"973\">Em visita \u00e0 capital, Michel Henrique foi recebido pelo secret\u00e1rio de Educa\u00e7\u00e3o, Wilson Filho, a quem apresentou novamente a demanda da comunidade escolar de Monteiro pela revitaliza\u00e7\u00e3o da unidade. Sens\u00edvel \u00e0 solicita\u00e7\u00e3o, o secret\u00e1rio confirmou que a Escola Miguel Santa Cruz est\u00e1 entre as quase 100 institui\u00e7\u00f5es de ensino que ter\u00e3o obras anunciadas entre abril e maio pelo Governo do Estado.<\/p>\n<p class=\"\" data-start=\"975\" data-end=\"1325\">\u201cO pr\u00e9dio da Escola Miguel Santa Cruz tem um valor simb\u00f3lico imenso para Monteiro e para todo o Cariri. \u00c9 um patrim\u00f4nio que formou algumas das maiores personalidades da nossa regi\u00e3o e que precisa ser preservado com dignidade. Essa reforma vai garantir melhores condi\u00e7\u00f5es para alunos, professores e toda a comunidade escolar\u201d, afirmou Michel Henrique.<\/p>\n<p class=\"\" data-start=\"1327\" data-end=\"1754\">Wilson Filho destacou o empenho do deputado em acompanhar de perto o andamento do pleito. \u201cMichel tem estado frequentemente aqui na Secretaria, tratando dos assuntos que dizem respeito ao povo do Cariri. Ele inclusive acompanhou o processo junto ao setor de engenharia, que est\u00e1 na fase final dos projetos para viabilizar a obra, respeitando as exig\u00eancias de um pr\u00e9dio tombado pelo patrim\u00f4nio hist\u00f3rico\u201d, explicou o secret\u00e1rio.<\/p>\n<p class=\"\" data-start=\"1756\" data-end=\"1967\">A reforma da Escola Miguel Santa Cruz refor\u00e7a o compromisso do parlamentar com a valoriza\u00e7\u00e3o da educa\u00e7\u00e3o e da mem\u00f3ria hist\u00f3rica de Monteiro, consolidando mais uma conquista importante para a popula\u00e7\u00e3o da regi\u00e3o.<\/p>\n<p class=\"\" data-start=\"1969\" data-end=\"2107\">\u201cSeguimos firmes, valorizando o passado e construindo um futuro com mais educa\u00e7\u00e3o e respeito \u00e0 nossa hist\u00f3ria\u201d, completou Michel Henrique.<\/p>\n<blockquote class=\"instagram-media\" style=\"background: #FFF; border: 0; border-radius: 3px; box-shadow: 0 0 1px 0 rgba(0,0,0,0.5),0 1px 10px 0 rgba(0,0,0,0.15); margin: 1px; max-width: 540px; min-width: 326px; padding: 0; width: calc(100% - 2px);\" data-instgrm-captioned=\"\" data-instgrm-permalink=\"https:\/\/www.instagram.com\/reel\/DJnCy_HtQfw\/?utm_source=ig_embed&amp;utm_campaign=loading\" data-instgrm-version=\"14\">\n<div style=\"padding: 16px;\">\n<p>&nbsp;<\/p>\n<div style=\"display: flex; flex-direction: row; align-items: center;\">\n<div style=\"background-color: #f4f4f4; border-radius: 50%; flex-grow: 0; height: 40px; margin-right: 14px; width: 40px;\"><\/div>\n<div style=\"display: flex; flex-direction: column; flex-grow: 1; justify-content: center;\">\n<div style=\"background-color: #f4f4f4; border-radius: 4px; flex-grow: 0; height: 14px; margin-bottom: 6px; width: 100px;\"><\/div>\n<div style=\"background-color: #f4f4f4; border-radius: 4px; flex-grow: 0; height: 14px; width: 60px;\"><\/div>\n<\/div>\n<\/div>\n<div style=\"padding: 19% 0;\"><\/div>\n<div style=\"display: block; height: 50px; margin: 0 auto 12px; width: 50px;\"><\/div>\n<div style=\"padding-top: 8px;\">\n<div style=\"color: #3897f0; font-family: Arial,sans-serif; font-size: 14px; font-style: normal; font-weight: 550; line-height: 18px;\">Ver essa foto no Instagram<\/div>\n<\/div>\n<div style=\"padding: 12.5% 0;\"><\/div>\n<div style=\"display: flex; flex-direction: row; margin-bottom: 14px; align-items: center;\">\n<div>\n<div style=\"background-color: #f4f4f4; border-radius: 50%; height: 12.5px; width: 12.5px; transform: translateX(0px) translateY(7px);\"><\/div>\n<div style=\"background-color: #f4f4f4; height: 12.5px; transform: rotate(-45deg) translateX(3px) translateY(1px); width: 12.5px; flex-grow: 0; margin-right: 14px; margin-left: 2px;\"><\/div>\n<div style=\"background-color: #f4f4f4; border-radius: 50%; height: 12.5px; width: 12.5px; transform: translateX(9px) translateY(-18px);\"><\/div>\n<\/div>\n<div style=\"margin-left: 8px;\">\n<div style=\"background-color: #f4f4f4; border-radius: 50%; flex-grow: 0; height: 20px; width: 20px;\"><\/div>\n<div style=\"width: 0; height: 0; border-top: 2px solid transparent; border-left: 6px solid #f4f4f4; border-bottom: 2px solid transparent; transform: translateX(16px) translateY(-4px) rotate(30deg);\"><\/div>\n<\/div>\n<div style=\"margin-left: auto;\">\n<div style=\"width: 0px; border-top: 8px solid #F4F4F4; border-right: 8px solid transparent; transform: translateY(16px);\"><\/div>\n<div style=\"background-color: #f4f4f4; flex-grow: 0; height: 12px; width: 16px; transform: translateY(-4px);\"><\/div>\n<div style=\"width: 0; height: 0; border-top: 8px solid #F4F4F4; border-left: 8px solid transparent; transform: translateY(-4px) translateX(8px);\"><\/div>\n<\/div>\n<\/div>\n<div style=\"display: flex; flex-direction: column; flex-grow: 1; justify-content: center; margin-bottom: 24px;\">\n<div style=\"background-color: #f4f4f4; border-radius: 4px; flex-grow: 0; height: 14px; margin-bottom: 6px; width: 224px;\"><\/div>\n<div style=\"background-color: #f4f4f4; border-radius: 4px; flex-grow: 0; height: 14px; width: 144px;\"><\/div>\n<\/div>\n<p>&nbsp;<\/p>\n<p style=\"color: #c9c8cd; font-family: Arial,sans-serif; font-size: 14px; line-height: 17px; margin-bottom: 0; margin-top: 8px; overflow: hidden; padding: 8px 0 7px; text-align: center; text-overflow: ellipsis; white-space: nowrap;\"><a style=\"color: #c9c8cd; font-family: Arial,sans-serif; font-size: 14px; font-style: normal; font-weight: normal; line-height: 17px; text-decoration: none;\" href=\"https:\/\/www.instagram.com\/reel\/DJnCy_HtQfw\/?utm_source=ig_embed&amp;utm_campaign=loading\" target=\"_blank\" rel=\"noopener\">Uma publica\u00e7\u00e3o compartilhada por Michel Henrique (@michelhenriquepb)<\/a><\/p>\n<\/div>\n<\/blockquote>\n<p>&nbsp;<\/p>\n<p><strong>CARIRI EM A\u00c7\u00c3O<\/strong><\/p>\n","protected":false},"excerpt":{"rendered":"<p>A tradicional Escola Miguel Santa Cruz, em Monteiro, prestes a completar 90 anos de hist\u00f3ria e reconhecida como patrim\u00f4nio hist\u00f3rico da Para\u00edba, ser\u00e1 contemplada com uma importante reforma. A conquista \u00e9 fruto da articula\u00e7\u00e3o do deputado estadual Michel Henrique junto \u00e0 Secretaria de Estado da Educa\u00e7\u00e3o. Em visita \u00e0 capital, Michel Henrique foi recebido pelo secret\u00e1rio de Educa\u00e7\u00e3o, Wilson Filho, a quem apresentou novamente a demanda da comunidade escolar de Monteiro pela revitaliza\u00e7\u00e3o da unidade. Sens\u00edvel \u00e0 solicita\u00e7\u00e3o, o secret\u00e1rio confirmou que a Escola Miguel Santa Cruz est\u00e1 entre as quase 100 institui\u00e7\u00f5es de ensino que ter\u00e3o obras anunciadas entre abril e maio pelo Governo do Estado. \u201cO pr\u00e9dio da Escola Miguel Santa Cruz tem um valor simb\u00f3lico imenso para Monteiro e para todo o Cariri. \u00c9 um patrim\u00f4nio que formou algumas das maiores personalidades da nossa regi\u00e3o e que precisa ser preservado com dignidade. Essa reforma vai garantir melhores condi\u00e7\u00f5es para alunos, professores e toda a comunidade escolar\u201d, afirmou Michel Henrique. Wilson Filho destacou o empenho do deputado em acompanhar de perto o andamento do pleito. \u201cMichel tem estado frequentemente aqui na Secretaria, tratando dos assuntos que dizem respeito ao povo do Cariri. Ele inclusive acompanhou o processo junto ao setor de engenharia, que est\u00e1 na fase final dos projetos para viabilizar a obra, respeitando as exig\u00eancias de um pr\u00e9dio tombado pelo patrim\u00f4nio hist\u00f3rico\u201d, explicou o secret\u00e1rio. A reforma da Escola Miguel Santa Cruz refor\u00e7a o compromisso do parlamentar com a valoriza\u00e7\u00e3o da educa\u00e7\u00e3o e da mem\u00f3ria hist\u00f3rica de Monteiro, consolidando mais uma conquista importante para a popula\u00e7\u00e3o da regi\u00e3o. \u201cSeguimos firmes, valorizando o passado e construindo um futuro com mais educa\u00e7\u00e3o e respeito \u00e0 nossa hist\u00f3ria\u201d, completou Michel Henrique. &nbsp; Ver essa foto no Instagram &nbsp; Uma publica\u00e7\u00e3o compartilhada por Michel Henrique (@michelhenriquepb) &nbsp; CARIRI EM A\u00c7\u00c3O<\/p>\n","protected":false},"author":6,"featured_media":299350,"comment_status":"closed","ping_status":"closed","sticky":false,"template":"","format":"standard","meta":{"sfsi_plus_gutenberg_text_before_share":"","sfsi_plus_gutenberg_show_text_before_share":"","sfsi_plus_gutenberg_icon_type":"","sfsi_plus_gutenberg_icon_alignemt":"","sfsi_plus_gutenburg_max_per_row":"","footnotes":""},"categories":[50,2,81],"tags":[],"class_list":["post-299349","post","type-post","status-publish","format-standard","has-post-thumbnail","hentry","category-destaque","category-geral","category-monteiro"],"_links":{"self":[{"href":"https:\/\/www.caririemacao.com\/1\/wp-json\/wp\/v2\/posts\/299349","targetHints":{"allow":["GET"]}}],"collection":[{"href":"https:\/\/www.caririemacao.com\/1\/wp-json\/wp\/v2\/posts"}],"about":[{"href":"https:\/\/www.caririemacao.com\/1\/wp-json\/wp\/v2\/types\/post"}],"author":[{"embeddable":true,"href":"https:\/\/www.caririemacao.com\/1\/wp-json\/wp\/v2\/users\/6"}],"replies":[{"embeddable":true,"href":"https:\/\/www.caririemacao.com\/1\/wp-json\/wp\/v2\/comments?post=299349"}],"version-history":[{"count":1,"href":"https:\/\/www.caririemacao.com\/1\/wp-json\/wp\/v2\/posts\/299349\/revisions"}],"predecessor-version":[{"id":299351,"href":"https:\/\/www.caririemacao.com\/1\/wp-json\/wp\/v2\/posts\/299349\/revisions\/299351"}],"wp:featuredmedia":[{"embeddable":true,"href":"https:\/\/www.caririemacao.com\/1\/wp-json\/wp\/v2\/media\/299350"}],"wp:attachment":[{"href":"https:\/\/www.caririemacao.com\/1\/wp-json\/wp\/v2\/media?parent=299349"}],"wp:term":[{"taxonomy":"category","embeddable":true,"href":"https:\/\/www.caririemacao.com\/1\/wp-json\/wp\/v2\/categories?post=299349"},{"taxonomy":"post_tag","embeddable":true,"href":"https:\/\/www.caririemacao.com\/1\/wp-json\/wp\/v2\/tags?post=299349"}],"curies":[{"name":"wp","href":"https:\/\/api.w.org\/{rel}","templated":true}]}}