{"id":299395,"date":"2025-05-14T17:13:03","date_gmt":"2025-05-14T20:13:03","guid":{"rendered":"https:\/\/www.caririemacao.com\/1\/?p=299395"},"modified":"2025-05-14T17:13:03","modified_gmt":"2025-05-14T20:13:03","slug":"prefeitura-de-boa-vista-abre-cadastramento-para-organizacoes-entidades-e-associacoes","status":"publish","type":"post","link":"https:\/\/www.caririemacao.com\/1\/2025\/05\/14\/prefeitura-de-boa-vista-abre-cadastramento-para-organizacoes-entidades-e-associacoes\/","title":{"rendered":"Prefeitura de Boa Vista abre cadastramento para organiza\u00e7\u00f5es, entidades e associa\u00e7\u00f5es"},"content":{"rendered":"<p>O Conselho Municipal de Assist\u00eancia Social de Boa Vista iniciou o cadastramento de organiza\u00e7\u00f5es n\u00e3o governamentais, associa\u00e7\u00f5es e entidades que atuam com o p\u00fablico na cidade. A iniciativa tem como objetivo conhecer melhor as entidades, garantir maior suporte \u00e0s suas atividades e implantar a Vigil\u00e2ncia Socioassistencial.<\/p>\n<p>O per\u00edodo de cadastramento vai de 13 a 27 de maio, no hor\u00e1rio das 8h \u00e0s 12h, na sede da Secretaria de Assist\u00eancia Social. Os interessados devem comparecer ao local com os documentos de identifica\u00e7\u00e3o e informa\u00e7\u00f5es b\u00e1sicas sobre suas atividades.<\/p>\n<p>A presidente do conselho, Selma Barros, falou sobre a import\u00e2ncia do cadastro. \u201cQueremos conhecer de perto as entidades que fazem a diferen\u00e7a em nossa cidade. Com esse mapeamento, poderemos apoiar de forma mais efetiva o trabalho de cada uma delas\u201d, afirmou.<\/p>\n<p>Devem participar do processo, ONGs, associa\u00e7\u00f5es de agricultores, sindicatos, grupos de mulheres, igrejas, comunidades quilombolas, entre outras entidades.<\/p>\n<p>Esta \u00e9 uma oportunidade para que as organiza\u00e7\u00f5es fortale\u00e7am sua rela\u00e7\u00e3o com o poder p\u00fablico, recebam apoio institucional e participem de a\u00e7\u00f5es conjuntas em benef\u00edcio da popula\u00e7\u00e3o.<\/p>\n<figure class=\"wp-block-image aligncenter is-resized\"><img fetchpriority=\"high\" decoding=\"async\" class=\"wp-image-35690 aligncenter\" src=\"https:\/\/blogdoalissonnascimento.com.br\/wp-content\/uploads\/2025\/05\/WhatsApp-Image-2025-05-14-at-15.55.13-1-819x1024.jpeg\" alt=\"\" width=\"511\" height=\"639\" \/><\/figure>\n","protected":false},"excerpt":{"rendered":"<p>O Conselho Municipal de Assist\u00eancia Social de Boa Vista iniciou o cadastramento de organiza\u00e7\u00f5es n\u00e3o governamentais, associa\u00e7\u00f5es e entidades que atuam com o p\u00fablico na cidade. A iniciativa tem como objetivo conhecer melhor as entidades, garantir maior suporte \u00e0s suas atividades e implantar a Vigil\u00e2ncia Socioassistencial. O per\u00edodo de cadastramento vai de 13 a 27 de maio, no hor\u00e1rio das 8h \u00e0s 12h, na sede da Secretaria de Assist\u00eancia Social. Os interessados devem comparecer ao local com os documentos de identifica\u00e7\u00e3o e informa\u00e7\u00f5es b\u00e1sicas sobre suas atividades. A presidente do conselho, Selma Barros, falou sobre a import\u00e2ncia do cadastro. \u201cQueremos conhecer de perto as entidades que fazem a diferen\u00e7a em nossa cidade. Com esse mapeamento, poderemos apoiar de forma mais efetiva o trabalho de cada uma delas\u201d, afirmou. Devem participar do processo, ONGs, associa\u00e7\u00f5es de agricultores, sindicatos, grupos de mulheres, igrejas, comunidades quilombolas, entre outras entidades. Esta \u00e9 uma oportunidade para que as organiza\u00e7\u00f5es fortale\u00e7am sua rela\u00e7\u00e3o com o poder p\u00fablico, recebam apoio institucional e participem de a\u00e7\u00f5es conjuntas em benef\u00edcio da popula\u00e7\u00e3o.<\/p>\n","protected":false},"author":6,"featured_media":299396,"comment_status":"closed","ping_status":"closed","sticky":false,"template":"","format":"standard","meta":{"sfsi_plus_gutenberg_text_before_share":"","sfsi_plus_gutenberg_show_text_before_share":"","sfsi_plus_gutenberg_icon_type":"","sfsi_plus_gutenberg_icon_alignemt":"","sfsi_plus_gutenburg_max_per_row":"","footnotes":""},"categories":[158,50,2],"tags":[],"class_list":["post-299395","post","type-post","status-publish","format-standard","has-post-thumbnail","hentry","category-boa-vista-2","category-destaque","category-geral"],"_links":{"self":[{"href":"https:\/\/www.caririemacao.com\/1\/wp-json\/wp\/v2\/posts\/299395","targetHints":{"allow":["GET"]}}],"collection":[{"href":"https:\/\/www.caririemacao.com\/1\/wp-json\/wp\/v2\/posts"}],"about":[{"href":"https:\/\/www.caririemacao.com\/1\/wp-json\/wp\/v2\/types\/post"}],"author":[{"embeddable":true,"href":"https:\/\/www.caririemacao.com\/1\/wp-json\/wp\/v2\/users\/6"}],"replies":[{"embeddable":true,"href":"https:\/\/www.caririemacao.com\/1\/wp-json\/wp\/v2\/comments?post=299395"}],"version-history":[{"count":1,"href":"https:\/\/www.caririemacao.com\/1\/wp-json\/wp\/v2\/posts\/299395\/revisions"}],"predecessor-version":[{"id":299397,"href":"https:\/\/www.caririemacao.com\/1\/wp-json\/wp\/v2\/posts\/299395\/revisions\/299397"}],"wp:featuredmedia":[{"embeddable":true,"href":"https:\/\/www.caririemacao.com\/1\/wp-json\/wp\/v2\/media\/299396"}],"wp:attachment":[{"href":"https:\/\/www.caririemacao.com\/1\/wp-json\/wp\/v2\/media?parent=299395"}],"wp:term":[{"taxonomy":"category","embeddable":true,"href":"https:\/\/www.caririemacao.com\/1\/wp-json\/wp\/v2\/categories?post=299395"},{"taxonomy":"post_tag","embeddable":true,"href":"https:\/\/www.caririemacao.com\/1\/wp-json\/wp\/v2\/tags?post=299395"}],"curies":[{"name":"wp","href":"https:\/\/api.w.org\/{rel}","templated":true}]}}