{"id":29940,"date":"2017-10-04T02:03:12","date_gmt":"2017-10-04T05:03:12","guid":{"rendered":"http:\/\/caririemacao.com\/1\/?p=29940"},"modified":"2017-10-04T10:04:59","modified_gmt":"2017-10-04T13:04:59","slug":"jovem-tem-celular-tomado-por-assaltante-na-zona-rural-de-monteiro","status":"publish","type":"post","link":"https:\/\/www.caririemacao.com\/1\/2017\/10\/04\/jovem-tem-celular-tomado-por-assaltante-na-zona-rural-de-monteiro\/","title":{"rendered":"Jovem tem celular tomado por assaltante na zona rural de Monteiro"},"content":{"rendered":"<p>Um jovem de apenas 22 anos de idade foi v\u00edtima de assalto na noite de ter\u00e7a-feira (23) na zona rural de Monteiro, no sitio Picos, quando ao ser abordado por um elemento teve seu aparelho celular levado.<\/p>\n<p>De acordo com informa\u00e7\u00f5es, a guarni\u00e7\u00e3o da rotam comandada pelo sgt cleudo, foi acionada para atender uma ocorr\u00eancia de roubo \u00e0 pessoa, onde um jovem estava em frente \u00e0 sua resid\u00eancia e de repente um indiv\u00edduo desconhecido chegou em uma motocicleta e anunciou roubo, subtraindo o seu celular.<\/p>\n<p>Segundo informa\u00e7\u00f5es, a guarni\u00e7\u00e3o foi ao local e manteve contato com a v\u00edtima, conhecida por Geisimar Alves de Lima, onde a mesma informou que estava acessando a internet com o seu celular, quando de repente um indiv\u00edduo desconhecido, com arma de fogo, chegou anunciando assalto e subtraiu o seu celular; que a guarni\u00e7\u00e3o averiguou v\u00e1rias motos que estavam estacionadas em frente a um circo, naquela localidade, por\u00e9m nenhuma encontrava com restri\u00e7\u00e3o; que a guarni\u00e7\u00e3o efetuou rondas nas proximidades do fato, no sentido de capturar o suspeito, por\u00e9m n\u00e3o obteve \u00eaxito, sendo que em seguida, orientou a v\u00edtima a comparecer na delegacia de Policia Ciivil em monteiro e registrar queixa da ocorr\u00eancia, para que fossem tomadas as provid\u00eancias cab\u00edveis.<\/p>\n<p><strong>CARIRI EM A\u00c7\u00c3O<\/strong><\/p>\n<p><em>Com O pipoco\/Foto: Google\u00a0\u00a0 <\/em><\/p>\n<p><strong>Leia mais not\u00edcias em\u00a0<\/strong><a href=\"http:\/\/www.caririemacao.com\/\"><strong>caririemacao.com<\/strong><\/a><strong>, siga nossa p\u00e1gina no\u00a0<\/strong><a href=\"https:\/\/www.facebook.com\/CaririEmAcao\/?ref=aymt_homepage_panel\"><strong>Facebook<\/strong><\/a>,<strong>\u00a0<\/strong><a href=\"https:\/\/www.instagram.com\/cariri_em_acao\/?hl=pt-br\"><strong>Instagram<\/strong><\/a><strong>\u00a0e <\/strong><a href=\"https:\/\/www.youtube.com\/channel\/UCAptA0jQuYQy8vMhLt2m4qg\"><strong>Youtube<\/strong><\/a><strong>\u00a0e veja nossas mat\u00e9rias, v\u00eddeos e fotos. Voc\u00ea tamb\u00e9m pode enviar informa\u00e7\u00f5es \u00e0 Reda\u00e7\u00e3o do Portal Cariri em A\u00e7\u00e3o pelo WhatsApp (83) 9 9634.5791, (83) 9 9601-1162.<\/strong><\/p>\n","protected":false},"excerpt":{"rendered":"<p>Um jovem de apenas 22 anos de idade foi v\u00edtima de assalto na noite de ter\u00e7a-feira (23) na zona rural de Monteiro, no sitio Picos,&hellip; <\/p>\n","protected":false},"author":2,"featured_media":20692,"comment_status":"closed","ping_status":"closed","sticky":false,"template":"","format":"standard","meta":{"sfsi_plus_gutenberg_text_before_share":"","sfsi_plus_gutenberg_show_text_before_share":"","sfsi_plus_gutenberg_icon_type":"","sfsi_plus_gutenberg_icon_alignemt":"","sfsi_plus_gutenburg_max_per_row":"","footnotes":""},"categories":[12],"tags":[],"class_list":["post-29940","post","type-post","status-publish","format-standard","has-post-thumbnail","hentry","category-policia"],"_links":{"self":[{"href":"https:\/\/www.caririemacao.com\/1\/wp-json\/wp\/v2\/posts\/29940","targetHints":{"allow":["GET"]}}],"collection":[{"href":"https:\/\/www.caririemacao.com\/1\/wp-json\/wp\/v2\/posts"}],"about":[{"href":"https:\/\/www.caririemacao.com\/1\/wp-json\/wp\/v2\/types\/post"}],"author":[{"embeddable":true,"href":"https:\/\/www.caririemacao.com\/1\/wp-json\/wp\/v2\/users\/2"}],"replies":[{"embeddable":true,"href":"https:\/\/www.caririemacao.com\/1\/wp-json\/wp\/v2\/comments?post=29940"}],"version-history":[{"count":0,"href":"https:\/\/www.caririemacao.com\/1\/wp-json\/wp\/v2\/posts\/29940\/revisions"}],"wp:featuredmedia":[{"embeddable":true,"href":"https:\/\/www.caririemacao.com\/1\/wp-json\/wp\/v2\/media\/20692"}],"wp:attachment":[{"href":"https:\/\/www.caririemacao.com\/1\/wp-json\/wp\/v2\/media?parent=29940"}],"wp:term":[{"taxonomy":"category","embeddable":true,"href":"https:\/\/www.caririemacao.com\/1\/wp-json\/wp\/v2\/categories?post=29940"},{"taxonomy":"post_tag","embeddable":true,"href":"https:\/\/www.caririemacao.com\/1\/wp-json\/wp\/v2\/tags?post=29940"}],"curies":[{"name":"wp","href":"https:\/\/api.w.org\/{rel}","templated":true}]}}