{"id":29942,"date":"2017-10-04T10:25:27","date_gmt":"2017-10-04T13:25:27","guid":{"rendered":"http:\/\/caririemacao.com\/1\/?p=29942"},"modified":"2017-10-04T10:25:27","modified_gmt":"2017-10-04T13:25:27","slug":"reuniao-vai-definir-calendario-para-2018","status":"publish","type":"post","link":"https:\/\/www.caririemacao.com\/1\/2017\/10\/04\/reuniao-vai-definir-calendario-para-2018\/","title":{"rendered":"Reuni\u00e3o vai definir calend\u00e1rio para 2018"},"content":{"rendered":"<p>Uma reuni\u00e3o entre os representantes dos clubes da elite do futebol da Para\u00edba e o Conselho Arbitral da Federa\u00e7\u00e3o Paraibana de Futebol, marcada para esta quarta-feira (04), na sede da FPF, vai definir a forma de competi\u00e7\u00e3o e o calend\u00e1rio para a temporada do campeonato estadual de 2018.<\/p>\n<p>Os Clubes e a Federa\u00e7\u00e3o tentam adequar a competi\u00e7\u00e3o ao calend\u00e1rio esportivo 2018 da Confedera\u00e7\u00e3o Brasileira de Futebol.<\/p>\n<p>\u2013 \u00c9 importante cumprir a medidas estabelecidas pela CBF para o calend\u00e1rio do futebol brasileiro, em 2018. Portanto, a FPF vai tentar da melhor forma, junto aos clubes, formular uma competi\u00e7\u00e3o que se adeque a exig\u00eancias do calend\u00e1rio da CBF \u2013 afirmou Amadeu Rodrigues, Presidente da FPF.<\/p>\n<p>Por causa da Copa do Mundo, o calend\u00e1rio da CBF divulgado no ultimo dia 29 de setembro estabeleceu uma antecipa\u00e7\u00e3o dos principais campeonatos estaduais do pa\u00eds. Com essa medida, as competi\u00e7\u00f5es ser\u00e3o disputadas em 18 rodadas entre 17 de janeiro e 8 de abril. Com a decis\u00e3o da CBF o Campeonato Paraibano pode sofrer uma redu\u00e7\u00e3o de rodadas. Em 2017 a competi\u00e7\u00e3o teve 22 datas.<\/p>\n<p>Com presen\u00e7a confirmada para a reuni\u00e3o do Conselho Arbitral, o presidente do Sousa, Aldeone Abrantes, se mostra contr\u00e1rio a redu\u00e7\u00e3o das rodadas.<\/p>\n<p>\u2013 Fica quase imposs\u00edvel disputar uma competi\u00e7\u00e3o nessas circunstancias. Reduzir o campeonato para 13 ou 14 rodadas? O Sousa n\u00e3o compartilha dessa ideia, vamos apresentar propostas que n\u00e3o atentem apenas ao beneficio de clubes chamados de \u201cgrandes\u201d da Para\u00edba \u2013 comentou.<\/p>\n<p>Com 10 clubes disputando o Campeonato Paraibano, em 2018, a FPF ter\u00e1 o prazo para defini\u00e7\u00e3o do calend\u00e1rio at\u00e9 a primeira semana do m\u00eas de novembro.<\/p>\n<p>Francisco Sales, diretor executivo de futebol do Botafogo-PB, afirmou em entrevista concedida no programa Debate Voz da Torcida, na Nova Correio AM 1340, que o clube est\u00e1 elaborando uma proposta de formato para apresentar no encontro desta semana.<\/p>\n<p><strong>CARIRI EM A\u00c7\u00c3O<\/strong><\/p>\n<p><em>Com Voz da Torcida\/Foto:Divulga\u00e7\u00e3o<\/em><\/p>\n<p><strong>Leia mais not\u00edcias em\u00a0<\/strong><a href=\"http:\/\/www.caririemacao.com\/\"><strong>caririemacao.com<\/strong><\/a><strong>, siga nossa p\u00e1gina no\u00a0<\/strong><a href=\"https:\/\/www.facebook.com\/CaririEmAcao\/?ref=aymt_homepage_panel\"><strong>Facebook<\/strong><\/a>,<strong>\u00a0<\/strong><a href=\"https:\/\/www.instagram.com\/cariri_em_acao\/?hl=pt-br\"><strong>Instagram<\/strong><\/a><strong>\u00a0e <\/strong><a href=\"https:\/\/www.youtube.com\/channel\/UCAptA0jQuYQy8vMhLt2m4qg\"><strong>Youtube<\/strong><\/a><strong>\u00a0e veja nossas mat\u00e9rias, v\u00eddeos e fotos. Voc\u00ea tamb\u00e9m pode enviar informa\u00e7\u00f5es \u00e0 Reda\u00e7\u00e3o do Portal Cariri em A\u00e7\u00e3o pelo WhatsApp (83) 9 9634.5791, (83) 9 9601-1162.<\/strong><\/p>\n","protected":false},"excerpt":{"rendered":"<p>Uma reuni\u00e3o entre os representantes dos clubes da elite do futebol da Para\u00edba e o Conselho Arbitral da Federa\u00e7\u00e3o Paraibana de Futebol, marcada para esta&hellip; <\/p>\n","protected":false},"author":2,"featured_media":29943,"comment_status":"closed","ping_status":"closed","sticky":false,"template":"","format":"standard","meta":{"sfsi_plus_gutenberg_text_before_share":"","sfsi_plus_gutenberg_show_text_before_share":"","sfsi_plus_gutenberg_icon_type":"","sfsi_plus_gutenberg_icon_alignemt":"","sfsi_plus_gutenburg_max_per_row":"","footnotes":""},"categories":[13],"tags":[],"class_list":["post-29942","post","type-post","status-publish","format-standard","has-post-thumbnail","hentry","category-esportes"],"_links":{"self":[{"href":"https:\/\/www.caririemacao.com\/1\/wp-json\/wp\/v2\/posts\/29942","targetHints":{"allow":["GET"]}}],"collection":[{"href":"https:\/\/www.caririemacao.com\/1\/wp-json\/wp\/v2\/posts"}],"about":[{"href":"https:\/\/www.caririemacao.com\/1\/wp-json\/wp\/v2\/types\/post"}],"author":[{"embeddable":true,"href":"https:\/\/www.caririemacao.com\/1\/wp-json\/wp\/v2\/users\/2"}],"replies":[{"embeddable":true,"href":"https:\/\/www.caririemacao.com\/1\/wp-json\/wp\/v2\/comments?post=29942"}],"version-history":[{"count":0,"href":"https:\/\/www.caririemacao.com\/1\/wp-json\/wp\/v2\/posts\/29942\/revisions"}],"wp:featuredmedia":[{"embeddable":true,"href":"https:\/\/www.caririemacao.com\/1\/wp-json\/wp\/v2\/media\/29943"}],"wp:attachment":[{"href":"https:\/\/www.caririemacao.com\/1\/wp-json\/wp\/v2\/media?parent=29942"}],"wp:term":[{"taxonomy":"category","embeddable":true,"href":"https:\/\/www.caririemacao.com\/1\/wp-json\/wp\/v2\/categories?post=29942"},{"taxonomy":"post_tag","embeddable":true,"href":"https:\/\/www.caririemacao.com\/1\/wp-json\/wp\/v2\/tags?post=29942"}],"curies":[{"name":"wp","href":"https:\/\/api.w.org\/{rel}","templated":true}]}}