{"id":29945,"date":"2017-10-04T10:28:04","date_gmt":"2017-10-04T13:28:04","guid":{"rendered":"http:\/\/caririemacao.com\/1\/?p=29945"},"modified":"2017-10-04T10:28:04","modified_gmt":"2017-10-04T13:28:04","slug":"acidente-na-br-230-proximo-a-junco-do-serido-deixa-dois-mortos","status":"publish","type":"post","link":"https:\/\/www.caririemacao.com\/1\/2017\/10\/04\/acidente-na-br-230-proximo-a-junco-do-serido-deixa-dois-mortos\/","title":{"rendered":"Acidente na BR 230 pr\u00f3ximo a Junco do Serid\u00f3 deixa dois mortos"},"content":{"rendered":"<p>Um grave acidente envolvendo um ve\u00edculo de uma funer\u00e1ria e um Corolla, ocorrido na BR 230, na noite dessa ter\u00e7a-feira (3) pr\u00f3ximo ao trevo que d\u00e1 acesso \u00e0 cidade de Ten\u00f3rio pela PB 195, na localidade do Catol\u00e9, conhecida como a \u201cCurva de Suet\u00f4nio\u201d, a 5 quil\u00f4metros de dist\u00e2ncia de Junco do Serid\u00f3, deixou ao menos duas pessoas mortas e quatro feridas.<\/p>\n<p>De acordo com informa\u00e7\u00f5es extraoficiais obtidas pelo blog helenolima.com, as v\u00edtimas fatais seriam uma mulher identificada por Ant\u00f4nia, esposa do motorista do Corolla, Jo\u00e3o Batista de Sousa Silva.<\/p>\n<p>A outra v\u00edtima fatal \u00e9 o motorista do ve\u00edculo da funer\u00e1ria, cujo nome n\u00e3o foi repassado ao portal.<\/p>\n<p>O Corolla vinha com uma fam\u00edlia da cidade de Pombal com destino ao Rio de Janeiro.<\/p>\n<p>Os feridos foram socorridos por duas equipes do SAMU e levados para o Hospital de Emerg\u00eancia e Trauma da cidade de Campina Grande e o motorista do Corrola estaria em estado grave segundo informa\u00e7\u00f5es repassadas \u00e0 nossa equipe de reportagem.<\/p>\n<p>Relatos repassados ao portal, d\u00e3o conta de que a colis\u00e3o frontal foi muito violenta e teria ocorrido devido a uma ultrapassagem irregular feita pelo ve\u00edculo da funer\u00e1ria.<\/p>\n<p>A fam\u00edlia que estava no Corolla mora no Rio de Janeiro, mas \u00e9 natural de Pombal e estava gozando f\u00e9rias nesta cidade sertaneja e, quando retornava, ocorreu essa trag\u00e9dia.<\/p>\n<p>Aguarde mais informa\u00e7\u00f5es sobre essa trag\u00e9dia a qualquer momento.<\/p>\n<p><strong>CARIRI EM A\u00c7\u00c3O<\/strong><\/p>\n<p><em>Com Heleno Lima\/Foto: Reprodu\u00e7\u00e3o<\/em><\/p>\n<p><strong>Leia mais not\u00edcias em\u00a0<\/strong><a href=\"http:\/\/www.caririemacao.com\/\"><strong>caririemacao.com<\/strong><\/a><strong>, siga nossa p\u00e1gina no\u00a0<\/strong><a href=\"https:\/\/www.facebook.com\/CaririEmAcao\/?ref=aymt_homepage_panel\"><strong>Facebook<\/strong><\/a>,<strong>\u00a0<\/strong><a href=\"https:\/\/www.instagram.com\/cariri_em_acao\/?hl=pt-br\"><strong>Instagram<\/strong><\/a><strong>\u00a0e <\/strong><a href=\"https:\/\/www.youtube.com\/channel\/UCAptA0jQuYQy8vMhLt2m4qg\"><strong>Youtube<\/strong><\/a><strong>\u00a0e veja nossas mat\u00e9rias, v\u00eddeos e fotos. Voc\u00ea tamb\u00e9m pode enviar informa\u00e7\u00f5es \u00e0 Reda\u00e7\u00e3o do Portal Cariri em A\u00e7\u00e3o pelo WhatsApp (83) 9 9634.5791, (83) 9 9601-1162.<\/strong><\/p>\n","protected":false},"excerpt":{"rendered":"<p>Um grave acidente envolvendo um ve\u00edculo de uma funer\u00e1ria e um Corolla, ocorrido na BR 230, na noite dessa ter\u00e7a-feira (3) pr\u00f3ximo ao trevo que&hellip; <\/p>\n","protected":false},"author":2,"featured_media":29946,"comment_status":"closed","ping_status":"closed","sticky":false,"template":"","format":"standard","meta":{"sfsi_plus_gutenberg_text_before_share":"","sfsi_plus_gutenberg_show_text_before_share":"","sfsi_plus_gutenberg_icon_type":"","sfsi_plus_gutenberg_icon_alignemt":"","sfsi_plus_gutenburg_max_per_row":"","footnotes":""},"categories":[12],"tags":[],"class_list":["post-29945","post","type-post","status-publish","format-standard","has-post-thumbnail","hentry","category-policia"],"_links":{"self":[{"href":"https:\/\/www.caririemacao.com\/1\/wp-json\/wp\/v2\/posts\/29945","targetHints":{"allow":["GET"]}}],"collection":[{"href":"https:\/\/www.caririemacao.com\/1\/wp-json\/wp\/v2\/posts"}],"about":[{"href":"https:\/\/www.caririemacao.com\/1\/wp-json\/wp\/v2\/types\/post"}],"author":[{"embeddable":true,"href":"https:\/\/www.caririemacao.com\/1\/wp-json\/wp\/v2\/users\/2"}],"replies":[{"embeddable":true,"href":"https:\/\/www.caririemacao.com\/1\/wp-json\/wp\/v2\/comments?post=29945"}],"version-history":[{"count":0,"href":"https:\/\/www.caririemacao.com\/1\/wp-json\/wp\/v2\/posts\/29945\/revisions"}],"wp:featuredmedia":[{"embeddable":true,"href":"https:\/\/www.caririemacao.com\/1\/wp-json\/wp\/v2\/media\/29946"}],"wp:attachment":[{"href":"https:\/\/www.caririemacao.com\/1\/wp-json\/wp\/v2\/media?parent=29945"}],"wp:term":[{"taxonomy":"category","embeddable":true,"href":"https:\/\/www.caririemacao.com\/1\/wp-json\/wp\/v2\/categories?post=29945"},{"taxonomy":"post_tag","embeddable":true,"href":"https:\/\/www.caririemacao.com\/1\/wp-json\/wp\/v2\/tags?post=29945"}],"curies":[{"name":"wp","href":"https:\/\/api.w.org\/{rel}","templated":true}]}}