{"id":29950,"date":"2017-10-04T10:45:43","date_gmt":"2017-10-04T13:45:43","guid":{"rendered":"http:\/\/caririemacao.com\/1\/?p=29950"},"modified":"2017-10-04T10:45:43","modified_gmt":"2017-10-04T13:45:43","slug":"coreia-do-norte-acusa-eua-na-onu-de-impedir-desenvolvimento","status":"publish","type":"post","link":"https:\/\/www.caririemacao.com\/1\/2017\/10\/04\/coreia-do-norte-acusa-eua-na-onu-de-impedir-desenvolvimento\/","title":{"rendered":"Coreia do Norte acusa EUA na ONU de impedir desenvolvimento"},"content":{"rendered":"<p>O representante da Coreia do Norte na ONU, Ja Song Nam, acusou, nesta ter\u00e7a-feira (3), os Estados Unidos de se esfor\u00e7arem para impedir o desenvolvimento econ\u00f4mico e denunciou as san\u00e7\u00f5es impostas a pa\u00edses pobres como uma tentativa de &#8220;destruir civiliza\u00e7\u00f5es modernas&#8221;.<\/p>\n<p>O embaixador disse que a Coreia do Norte vai suportar as san\u00e7\u00f5es e continuar &#8220;na estrada da constru\u00e7\u00e3o de um poder socialista por for\u00e7a do esp\u00edrito de autoconfian\u00e7a e autodesenvolvimento&#8221;.<\/p>\n<p>Ele se pronunciou em um debate na Assembleia Geral sobre as metas de desenvolvimento global das Na\u00e7\u00f5es Unidas voltadas \u00e0 erradica\u00e7\u00e3o da pobreza extrema at\u00e9 2050, ao avan\u00e7o na sa\u00fade e \u00e0 promo\u00e7\u00e3o da educa\u00e7\u00e3o.<\/p>\n<p>&#8220;Os Estados Unidos est\u00e3o aderindo a amea\u00e7as e chantagens nucleares sem precedentes, san\u00e7\u00f5es e bloqueios econ\u00f4micos para negar nossos direitos de exist\u00eancia e desenvolvimento, mas o \u00fanico resultado \u00e9 uma vigil\u00e2ncia mais apurada e uma coragem maior&#8221;, disse Ja.<\/p>\n<p>Os Estados Unidos lideraram a iniciativa do Conselho de Seguran\u00e7a da ONU de impor dois recentes pacotes de san\u00e7\u00f5es \u00e0 Coreia do Norte, para punir Pyongyang por seus testes nucleares e bal\u00edsticos.<\/p>\n<p>Em agosto, o Conselho eliminou as exporta\u00e7\u00f5es norte-coreanas de carv\u00e3o e outros min\u00e9rios e, no m\u00eas passado, expandiu a proibi\u00e7\u00e3o de exporta\u00e7\u00f5es para produtos t\u00eaxteis, m\u00e3o de obra norte-coreana convidada e petr\u00f3leo.<\/p>\n<p>Washington tamb\u00e9m implementou san\u00e7\u00f5es unilaterais a empresas que fazem neg\u00f3cios com a Coreia do Norte.<\/p>\n<p>Para atingir as metas de desenvolvimento da ONU, &#8220;dever\u00edamos eliminar imediatamente as medidas arbitr\u00e1rias dos Estados Unidos, inclusive as san\u00e7\u00f5es impostas sobre pa\u00edses em desenvolvimento&#8221;, afirmou Ja.<\/p>\n<p>Essas medidas estariam &#8220;tentando destruir a civiliza\u00e7\u00e3o moderna e mergulhar o mundo na escurid\u00e3o medieval&#8221;, segundo ele.<\/p>\n<p>De acordo com dados da ONU, cerca de 70% da popula\u00e7\u00e3o norte-coreana sofre com a falta de servi\u00e7os b\u00e1sicos e escassez de alimentos &#8211; parcialmente provocada por secas, enchentes e deslizamentos de terra que destru\u00edram a produ\u00e7\u00e3o agr\u00edcola.<\/p>\n<p><strong>CARIRI EM A\u00c7\u00c3O<\/strong><\/p>\n<p><em>Com AFP \/Foto:Google\u00a0\u00a0 <\/em><\/p>\n<p><strong>Leia mais not\u00edcias em\u00a0<\/strong><a href=\"http:\/\/www.caririemacao.com\/\"><strong>caririemacao.com<\/strong><\/a><strong>, siga nossa p\u00e1gina no\u00a0<\/strong><a href=\"https:\/\/www.facebook.com\/CaririEmAcao\/?ref=aymt_homepage_panel\"><strong>Facebook<\/strong><\/a>,<strong>\u00a0<\/strong><a href=\"https:\/\/www.instagram.com\/cariri_em_acao\/?hl=pt-br\"><strong>Instagram<\/strong><\/a><strong>\u00a0e <\/strong><a href=\"https:\/\/www.youtube.com\/channel\/UCAptA0jQuYQy8vMhLt2m4qg\"><strong>Youtube<\/strong><\/a><strong>\u00a0e veja nossas mat\u00e9rias, v\u00eddeos e fotos. Voc\u00ea tamb\u00e9m pode enviar informa\u00e7\u00f5es \u00e0 Reda\u00e7\u00e3o do Portal Cariri em A\u00e7\u00e3o pelo WhatsApp (83) 9 9634.5791, (83) 9 9601-1162.<\/strong><\/p>\n","protected":false},"excerpt":{"rendered":"<p>O representante da Coreia do Norte na ONU, Ja Song Nam, acusou, nesta ter\u00e7a-feira (3), os Estados Unidos de se esfor\u00e7arem para impedir o desenvolvimento&hellip; <\/p>\n","protected":false},"author":2,"featured_media":29951,"comment_status":"closed","ping_status":"closed","sticky":false,"template":"","format":"standard","meta":{"sfsi_plus_gutenberg_text_before_share":"","sfsi_plus_gutenberg_show_text_before_share":"","sfsi_plus_gutenberg_icon_type":"","sfsi_plus_gutenberg_icon_alignemt":"","sfsi_plus_gutenburg_max_per_row":"","footnotes":""},"categories":[2],"tags":[],"class_list":["post-29950","post","type-post","status-publish","format-standard","has-post-thumbnail","hentry","category-geral"],"_links":{"self":[{"href":"https:\/\/www.caririemacao.com\/1\/wp-json\/wp\/v2\/posts\/29950","targetHints":{"allow":["GET"]}}],"collection":[{"href":"https:\/\/www.caririemacao.com\/1\/wp-json\/wp\/v2\/posts"}],"about":[{"href":"https:\/\/www.caririemacao.com\/1\/wp-json\/wp\/v2\/types\/post"}],"author":[{"embeddable":true,"href":"https:\/\/www.caririemacao.com\/1\/wp-json\/wp\/v2\/users\/2"}],"replies":[{"embeddable":true,"href":"https:\/\/www.caririemacao.com\/1\/wp-json\/wp\/v2\/comments?post=29950"}],"version-history":[{"count":0,"href":"https:\/\/www.caririemacao.com\/1\/wp-json\/wp\/v2\/posts\/29950\/revisions"}],"wp:featuredmedia":[{"embeddable":true,"href":"https:\/\/www.caririemacao.com\/1\/wp-json\/wp\/v2\/media\/29951"}],"wp:attachment":[{"href":"https:\/\/www.caririemacao.com\/1\/wp-json\/wp\/v2\/media?parent=29950"}],"wp:term":[{"taxonomy":"category","embeddable":true,"href":"https:\/\/www.caririemacao.com\/1\/wp-json\/wp\/v2\/categories?post=29950"},{"taxonomy":"post_tag","embeddable":true,"href":"https:\/\/www.caririemacao.com\/1\/wp-json\/wp\/v2\/tags?post=29950"}],"curies":[{"name":"wp","href":"https:\/\/api.w.org\/{rel}","templated":true}]}}