{"id":29962,"date":"2017-10-05T08:42:37","date_gmt":"2017-10-05T11:42:37","guid":{"rendered":"http:\/\/caririemacao.com\/1\/?p=29962"},"modified":"2017-10-05T08:42:37","modified_gmt":"2017-10-05T11:42:37","slug":"apos-encontro-com-temer-benjamin-maranhao-sinaliza-voto-a-favor-do-presidente","status":"publish","type":"post","link":"https:\/\/www.caririemacao.com\/1\/2017\/10\/05\/apos-encontro-com-temer-benjamin-maranhao-sinaliza-voto-a-favor-do-presidente\/","title":{"rendered":"Ap\u00f3s encontro com Temer, Benjamin Maranh\u00e3o sinaliza voto a favor do presidente"},"content":{"rendered":"<section class=\"l-noticia\">O deputado federal Benjamin Maranh\u00e3o (SD) se reuniu, nessa ter\u00e7a-feira (3), com o presidente Michel Temer (PMDB). Na pauta da audi\u00eancia, problemas no Garantia Safra e o n\u00e3o cumprimento por parte do Banco do Nordeste da lei que regulamenta a renegocia\u00e7\u00e3o das d\u00edvidas dos agricultores.<\/p>\n<p>Titular da Comiss\u00e3o de Constitui\u00e7\u00e3o e Justi\u00e7a (CCJ) da C\u00e2mara Federal e membro de partido aliado, Benjamin relatou que conversa durou cerca de 15 minutos e que em nenhum momento foi tratado sobre a den\u00fancia da Procuradoria Geral da Rep\u00fablica (PGR) contra o presidente. \u201cNem o presidente falou, nem eu tratei disso\u201d, afirmou.<\/p>\n<p>Questionado sobre como ser\u00e1 seu posicionamento sobre a den\u00fancia, o deputado foi cauteloso, teceu v\u00e1rios elogios ao relator na CJJ, o deputado Bonif\u00e1cio de Andrada (PSDB), mas sinalizou que votar\u00e1 a favor do presidente, assim como aconteceu na primeira den\u00fancia.<\/p>\n<p>\u201cVamos ver com muita calma o relat\u00f3rio que vai ser apresentado. Vamos aguardar. Temer sendo afastado cautelarmente, quem assume \u00e9 Rodrigo Maia [presidente da C\u00e2mara]. Ningu\u00e9m sabe quem \u00e9 Rodrigo. Com o tempo que temos, certamente n\u00e3o teremos elei\u00e7\u00e3o direta, caso isso prospere [presidente seja condenado]. Eu vou analisar a den\u00fancia, o relat\u00f3rio, para tomar uma decis\u00e3o definitiva. Agora n\u00e3o \u00e9 uma coisa f\u00e1cil, \u00e9 bom muito voc\u00ea falar nisso sem ver as consequ\u00eancias no pa\u00eds de uma forma geral\u201d, declarou.<\/p>\n<p><strong>CARIRI EM A\u00c7\u00c3O<\/strong><\/p>\n<p><em>Com Blog do Gordinho \/Foto: Reprodu\u00e7\u00e3o<\/em><\/p>\n<p><strong>Leia mais not\u00edcias em\u00a0<\/strong><a href=\"http:\/\/www.caririemacao.com\/\"><strong>caririemacao.com<\/strong><\/a><strong>, siga nossa p\u00e1gina no\u00a0<\/strong><a href=\"https:\/\/www.facebook.com\/CaririEmAcao\/?ref=aymt_homepage_panel\"><strong>Facebook<\/strong><\/a>,<strong>\u00a0<\/strong><a href=\"https:\/\/www.instagram.com\/cariri_em_acao\/?hl=pt-br\"><strong>Instagram<\/strong><\/a><strong>\u00a0e <\/strong><a href=\"https:\/\/www.youtube.com\/channel\/UCAptA0jQuYQy8vMhLt2m4qg\"><strong>Youtube<\/strong><\/a><strong>\u00a0e veja nossas mat\u00e9rias, v\u00eddeos e fotos. Voc\u00ea tamb\u00e9m pode enviar informa\u00e7\u00f5es \u00e0 Reda\u00e7\u00e3o do Portal Cariri em A\u00e7\u00e3o pelo WhatsApp (83) 9 9634.5791, (83) 9 9601-1162.<\/strong><\/p>\n<\/section>\n","protected":false},"excerpt":{"rendered":"<p>O deputado federal Benjamin Maranh\u00e3o (SD) se reuniu, nessa ter\u00e7a-feira (3), com o presidente Michel Temer (PMDB). Na pauta da audi\u00eancia, problemas no Garantia Safra&hellip; <\/p>\n","protected":false},"author":2,"featured_media":29963,"comment_status":"closed","ping_status":"closed","sticky":false,"template":"","format":"standard","meta":{"sfsi_plus_gutenberg_text_before_share":"","sfsi_plus_gutenberg_show_text_before_share":"","sfsi_plus_gutenberg_icon_type":"","sfsi_plus_gutenberg_icon_alignemt":"","sfsi_plus_gutenburg_max_per_row":"","footnotes":""},"categories":[11],"tags":[],"class_list":["post-29962","post","type-post","status-publish","format-standard","has-post-thumbnail","hentry","category-politica"],"_links":{"self":[{"href":"https:\/\/www.caririemacao.com\/1\/wp-json\/wp\/v2\/posts\/29962","targetHints":{"allow":["GET"]}}],"collection":[{"href":"https:\/\/www.caririemacao.com\/1\/wp-json\/wp\/v2\/posts"}],"about":[{"href":"https:\/\/www.caririemacao.com\/1\/wp-json\/wp\/v2\/types\/post"}],"author":[{"embeddable":true,"href":"https:\/\/www.caririemacao.com\/1\/wp-json\/wp\/v2\/users\/2"}],"replies":[{"embeddable":true,"href":"https:\/\/www.caririemacao.com\/1\/wp-json\/wp\/v2\/comments?post=29962"}],"version-history":[{"count":0,"href":"https:\/\/www.caririemacao.com\/1\/wp-json\/wp\/v2\/posts\/29962\/revisions"}],"wp:featuredmedia":[{"embeddable":true,"href":"https:\/\/www.caririemacao.com\/1\/wp-json\/wp\/v2\/media\/29963"}],"wp:attachment":[{"href":"https:\/\/www.caririemacao.com\/1\/wp-json\/wp\/v2\/media?parent=29962"}],"wp:term":[{"taxonomy":"category","embeddable":true,"href":"https:\/\/www.caririemacao.com\/1\/wp-json\/wp\/v2\/categories?post=29962"},{"taxonomy":"post_tag","embeddable":true,"href":"https:\/\/www.caririemacao.com\/1\/wp-json\/wp\/v2\/tags?post=29962"}],"curies":[{"name":"wp","href":"https:\/\/api.w.org\/{rel}","templated":true}]}}