{"id":29965,"date":"2017-10-05T08:47:16","date_gmt":"2017-10-05T11:47:16","guid":{"rendered":"http:\/\/caririemacao.com\/1\/?p=29965"},"modified":"2017-10-05T08:47:16","modified_gmt":"2017-10-05T11:47:16","slug":"taxa-de-sobrevivencia-de-empresas-da-pb-e-a-maior-do-nortenordeste","status":"publish","type":"post","link":"https:\/\/www.caririemacao.com\/1\/2017\/10\/05\/taxa-de-sobrevivencia-de-empresas-da-pb-e-a-maior-do-nortenordeste\/","title":{"rendered":"Taxa de sobreviv\u00eancia de empresas da PB \u00e9 a maior do Norte\/Nordeste"},"content":{"rendered":"<p>Os indicadores econ\u00f4micos do Instituto Brasileiro de Geografia e Estat\u00edstica (IBGE) voltaram a destacar a Para\u00edba de forma positiva no cen\u00e1rio regional e nacional, mesmo em um per\u00edodo de recess\u00e3o econ\u00f4mica. A pesquisa \u2018Demografia das Empresas\u2019, divulgada pelo IBGE nesta quarta-feira (4), mostra que a taxa de empresas sobreviventes do Estado da Para\u00edba no ano de 2015 foi de 84,3%, maior taxa dos Estados do Norte\/Nordeste, alcan\u00e7ando ainda o 3\u00ba melhor \u00edndice entre 27 unidades da federa\u00e7\u00e3o e Distrito Federal. O Estado subiu no ranking, pois estava em terceiro lugar no Nordeste em 2014 no Cadastro Central de Empresas (Cempre) do IBGE.<\/p>\n<p>Na compara\u00e7\u00e3o com 2014, o Estado elevou o \u00edndice de sobreviv\u00eancia em 0,9 ponto percentual (de 83,4% para 84,3%). A Para\u00edba alcan\u00e7ou taxa m\u00e9dia superior \u00e0s regi\u00f5es Nordeste (82,3%), Centro-Oeste (82,5%), Norte (79,9%) e, praticamente, a m\u00e9dia do pa\u00eds (84,4%). Os dois \u00fanicos Estados do pa\u00eds que tiveram taxas superiores \u00e0 Para\u00edba foram Santa Catarina (87,3%) e Rio Grande do Sul (85,9%).<\/p>\n<p>Segundo o Estudo \u201cDemografia das Empresas\u201d do IBGE, o total de empresas ativas na Para\u00edba era 52.403 em 2015 com 44.196 sobreviventes (84,3%). Diferente do pa\u00eds, o Estado registrou mais empresas entrando no mercado (8.207) que saindo (6.771), uma diferen\u00e7a de 1,1 mil unidades.<\/p>\n<p>A pesquisa do IBGE tamb\u00e9m abordou o percentual de pessoas ocupadas em empresas ativas (ou sobreviventes) nas unidades da federa\u00e7\u00e3o. Em 2015, a taxa paraibana de pessoas ocupadas tamb\u00e9m ficou em primeiro lugar no Nordeste. Ou seja, das 357.600 pessoas que trabalhavam naquele ano, 345.987 pessoas permaneceram ocupadas nas empresas ativas, o que representa 96,8% do total, \u00edndice superior \u00e0 m\u00e9dia das regi\u00f5es Nordeste (95,5%), Norte (94,6%) e Centro-Oeste (95,8%) e superior \u00e0 do pa\u00eds (96,4%).<\/p>\n<p><strong>Cen\u00e1rio nacional<\/strong><\/p>\n<p>O Pa\u00eds voltou a registrar mais fechamento do que abertura de empresas em 2015. Assim como ocorreu em 2014, o saldo de empresas, medido pela diferen\u00e7a entre entradas e sa\u00eddas do mercado, ficou negativo: as sa\u00eddas totalizaram 713,6 mil empresas e as entradas somaram 708,6 mil.\u00a0\u00a0Havia no Brasil 4,6 milh\u00f5es de empresas ativas que ocupavam 40,2 milh\u00f5es de pessoas, sendo 33,6 milh\u00f5es (83,6%) como assalariadas e 6,6 milh\u00f5es (16,4%) na condi\u00e7\u00e3o de s\u00f3cio ou propriet\u00e1rio. Na compara\u00e7\u00e3o com 2014, houve ligeira redu\u00e7\u00e3o de 0,1% no n\u00famero de empresas, 5 mil a menos. O pessoal ocupado encolheu 3,9%, com extin\u00e7\u00e3o de 1,6 milh\u00e3o de postos de trabalho, praticamente todo esse volume perdido entre as vagas assalariadas.<\/p>\n<p><strong>\u00a0<\/strong><\/p>\n<p><strong>TAXA DE SOBREVIV\u00caNCIA DE EMPRESAS NO NORDESTE<\/strong><\/p>\n<table>\n<tbody>\n<tr>\n<td width=\"140\"><strong>Unidade Federal<\/strong><\/td>\n<td width=\"151\"><strong>Taxa de sobreviv\u00eancia em 2015<\/strong><\/td>\n<\/tr>\n<tr>\n<td width=\"140\"><strong>PARA\u00cdBA<\/strong><\/td>\n<td width=\"151\"><strong>\u00a0\u00a0\u00a0\u00a0\u00a0\u00a0\u00a084,3%<\/strong><\/td>\n<\/tr>\n<tr>\n<td width=\"140\">Sergipe<\/td>\n<td width=\"151\">\u00a0\u00a0\u00a0\u00a0\u00a0\u00a0\u00a083,2%<\/td>\n<\/tr>\n<tr>\n<td width=\"140\">Cear\u00e1<\/td>\n<td width=\"151\">\u00a0\u00a0\u00a0\u00a0\u00a0\u00a0\u00a082,9%<\/td>\n<\/tr>\n<tr>\n<td width=\"140\">Bahia<\/td>\n<td width=\"151\">\u00a0\u00a0\u00a0\u00a0\u00a0\u00a0\u00a082,8%<\/td>\n<\/tr>\n<tr>\n<td width=\"140\">Piau\u00ed<\/td>\n<td width=\"151\">\u00a0\u00a0\u00a0\u00a0\u00a0\u00a0\u00a082,5%<\/td>\n<\/tr>\n<tr>\n<td width=\"140\">Pernambuco<\/td>\n<td width=\"151\">\u00a0\u00a0\u00a0\u00a0\u00a0\u00a0\u00a082,2%<\/td>\n<\/tr>\n<tr>\n<td width=\"140\">Rio G. do Norte<\/td>\n<td width=\"151\">\u00a0\u00a0\u00a0\u00a0\u00a0\u00a0\u00a081,1%<\/td>\n<\/tr>\n<tr>\n<td width=\"140\">Alagoas<\/td>\n<td width=\"151\">\u00a0\u00a0\u00a0\u00a0\u00a0\u00a0\u00a080,8%<\/td>\n<\/tr>\n<tr>\n<td width=\"140\">Maranh\u00e3o<\/td>\n<td width=\"151\">\u00a0\u00a0\u00a0\u00a0\u00a0\u00a0\u00a078,9%<\/td>\n<\/tr>\n<tr>\n<td width=\"140\"><strong>NORDESTE<\/strong><\/td>\n<td width=\"151\"><strong>\u00a0\u00a0\u00a0\u00a0\u00a0\u00a0\u00a082,3%<\/strong><\/td>\n<\/tr>\n<tr>\n<td width=\"140\"><strong>BRASIL<\/strong><\/td>\n<td width=\"151\"><strong>\u00a0\u00a0\u00a0\u00a0\u00a0\u00a0\u00a084,4%<\/strong><\/td>\n<\/tr>\n<\/tbody>\n<\/table>\n<p><strong>CARIRI EM A\u00c7\u00c3O<\/strong><\/p>\n<p><em>Com\u00a0<\/em>Para\u00edba J\u00e1<em>\/Foto: Google\u00a0\u00a0 <\/em><\/p>\n<p><strong>Leia mais not\u00edcias em\u00a0<\/strong><a href=\"http:\/\/www.caririemacao.com\/\"><strong>caririemacao.com<\/strong><\/a><strong>, siga nossa p\u00e1gina no\u00a0<\/strong><a href=\"https:\/\/www.facebook.com\/CaririEmAcao\/?ref=aymt_homepage_panel\"><strong>Facebook<\/strong><\/a>,<strong>\u00a0<\/strong><a href=\"https:\/\/www.instagram.com\/cariri_em_acao\/?hl=pt-br\"><strong>Instagram<\/strong><\/a><strong>\u00a0e <\/strong><a href=\"https:\/\/www.youtube.com\/channel\/UCAptA0jQuYQy8vMhLt2m4qg\"><strong>Youtube<\/strong><\/a><strong>\u00a0e veja nossas mat\u00e9rias, v\u00eddeos e fotos. Voc\u00ea tamb\u00e9m pode enviar informa\u00e7\u00f5es \u00e0 Reda\u00e7\u00e3o do Portal Cariri em A\u00e7\u00e3o pelo WhatsApp (83) 9 9634.5791, (83) 9 9601-1162.<\/strong><\/p>\n","protected":false},"excerpt":{"rendered":"<p>Os indicadores econ\u00f4micos do Instituto Brasileiro de Geografia e Estat\u00edstica (IBGE) voltaram a destacar a Para\u00edba de forma positiva no cen\u00e1rio regional e nacional, mesmo&hellip; <\/p>\n","protected":false},"author":2,"featured_media":27359,"comment_status":"closed","ping_status":"closed","sticky":false,"template":"","format":"standard","meta":{"sfsi_plus_gutenberg_text_before_share":"","sfsi_plus_gutenberg_show_text_before_share":"","sfsi_plus_gutenberg_icon_type":"","sfsi_plus_gutenberg_icon_alignemt":"","sfsi_plus_gutenburg_max_per_row":"","footnotes":""},"categories":[2],"tags":[],"class_list":["post-29965","post","type-post","status-publish","format-standard","has-post-thumbnail","hentry","category-geral"],"_links":{"self":[{"href":"https:\/\/www.caririemacao.com\/1\/wp-json\/wp\/v2\/posts\/29965","targetHints":{"allow":["GET"]}}],"collection":[{"href":"https:\/\/www.caririemacao.com\/1\/wp-json\/wp\/v2\/posts"}],"about":[{"href":"https:\/\/www.caririemacao.com\/1\/wp-json\/wp\/v2\/types\/post"}],"author":[{"embeddable":true,"href":"https:\/\/www.caririemacao.com\/1\/wp-json\/wp\/v2\/users\/2"}],"replies":[{"embeddable":true,"href":"https:\/\/www.caririemacao.com\/1\/wp-json\/wp\/v2\/comments?post=29965"}],"version-history":[{"count":0,"href":"https:\/\/www.caririemacao.com\/1\/wp-json\/wp\/v2\/posts\/29965\/revisions"}],"wp:featuredmedia":[{"embeddable":true,"href":"https:\/\/www.caririemacao.com\/1\/wp-json\/wp\/v2\/media\/27359"}],"wp:attachment":[{"href":"https:\/\/www.caririemacao.com\/1\/wp-json\/wp\/v2\/media?parent=29965"}],"wp:term":[{"taxonomy":"category","embeddable":true,"href":"https:\/\/www.caririemacao.com\/1\/wp-json\/wp\/v2\/categories?post=29965"},{"taxonomy":"post_tag","embeddable":true,"href":"https:\/\/www.caririemacao.com\/1\/wp-json\/wp\/v2\/tags?post=29965"}],"curies":[{"name":"wp","href":"https:\/\/api.w.org\/{rel}","templated":true}]}}