{"id":29967,"date":"2017-10-05T08:48:34","date_gmt":"2017-10-05T11:48:34","guid":{"rendered":"http:\/\/caririemacao.com\/1\/?p=29967"},"modified":"2017-10-05T08:49:04","modified_gmt":"2017-10-05T11:49:04","slug":"luiz-couto-acusa-governo-temer-de-barrar-todas-as-suas-emendas","status":"publish","type":"post","link":"https:\/\/www.caririemacao.com\/1\/2017\/10\/05\/luiz-couto-acusa-governo-temer-de-barrar-todas-as-suas-emendas\/","title":{"rendered":"Luiz Couto acusa Governo Temer de barrar todas as suas emendas"},"content":{"rendered":"<p>Em pronunciamento na C\u00e2mara dos Deputados, nesta ter\u00e7a-feira, 3, o paraibano Luiz Couto, do PT, reclamou da ado\u00e7\u00e3o de &#8220;dois pesos e duas medidas&#8221; por parte do governo de Michel Temer (PMDB). A queixa do parlamentar disse respeito \u00e0 libera\u00e7\u00e3o de recursos para emendas. &#8220;Para aqueles que votam de acordo com o governo, ele libera recursos para todas as emendas. Neste ano, n\u00e3o tive recurso liberado para nenhuma emenda. J\u00e1 tenho empenhado mais de 6 milh\u00f5es, mas nada foi liberado, porque a minha posi\u00e7\u00e3o \u00e9 cr\u00edtica com rela\u00e7\u00e3o a esse Governo. E s\u00e3o emendas impositivas, emendas que foram priorizadas&#8221;, enfatizou.<\/p>\n<p>O deputado paraibano citou como exemplo uma emenda para o kit do Conselho Tutelar no valor de R$ 1 milh\u00e3o e 300 mil para beneficiar 13 munic\u00edpios. &#8220;Eles disseram que estavam fazendo a licita\u00e7\u00e3o. Que licita\u00e7\u00e3o? Falam isso desde agosto e at\u00e9 agora nada. Espero que a Ministra Luislinda Valois, que disse que iria tomar provid\u00eancias, de fato o fa\u00e7a, para que possamos atender essa emenda, porque h\u00e1 13 Munic\u00edpios precisando desse kit do Conselho Tutelar&#8221;.<\/p>\n<p>Outra emenda de Couto que aguarda a libera\u00e7\u00e3o de recursos \u00e9 para destinar verbas a universidades, em especial para o Instituto Federal de Educa\u00e7\u00e3o Tecnol\u00f3gica da Para\u00edba e para a \u00e1rea da sa\u00fade: &#8220;Infelizmente, esses recursos n\u00e3o est\u00e3o liberados. Espero que o Ministro Antonio Imbassahy entenda que \u00e9 preciso liberar os recursos, porque s\u00e3o de emendas impositivas. E n\u00e3o deve haver nenhuma diferen\u00e7a entre aqueles que apoiam o Governo e os que s\u00e3o oposi\u00e7\u00e3o&#8221;, pontou o deputado.<\/p>\n<p><strong>CARIRI EM A\u00c7\u00c3O<\/strong><\/p>\n<p><em>Com Assessoria\/Foto: Google\u00a0\u00a0 <\/em><\/p>\n<p><strong>Leia mais not\u00edcias em\u00a0<\/strong><a href=\"http:\/\/www.caririemacao.com\/\"><strong>caririemacao.com<\/strong><\/a><strong>, siga nossa p\u00e1gina no\u00a0<\/strong><a href=\"https:\/\/www.facebook.com\/CaririEmAcao\/?ref=aymt_homepage_panel\"><strong>Facebook<\/strong><\/a>,<strong>\u00a0<\/strong><a href=\"https:\/\/www.instagram.com\/cariri_em_acao\/?hl=pt-br\"><strong>Instagram<\/strong><\/a><strong>\u00a0e <\/strong><a href=\"https:\/\/www.youtube.com\/channel\/UCAptA0jQuYQy8vMhLt2m4qg\"><strong>Youtube<\/strong><\/a><strong>\u00a0e veja nossas mat\u00e9rias, v\u00eddeos e fotos. Voc\u00ea tamb\u00e9m pode enviar informa\u00e7\u00f5es \u00e0 Reda\u00e7\u00e3o do Portal Cariri em A\u00e7\u00e3o pelo WhatsApp (83) 9 9634.5791, (83) 9 9601-1162.<\/strong><\/p>\n","protected":false},"excerpt":{"rendered":"<p>Em pronunciamento na C\u00e2mara dos Deputados, nesta ter\u00e7a-feira, 3, o paraibano Luiz Couto, do PT, reclamou da ado\u00e7\u00e3o de &#8220;dois pesos e duas medidas&#8221; por&hellip; <\/p>\n","protected":false},"author":2,"featured_media":17313,"comment_status":"closed","ping_status":"closed","sticky":false,"template":"","format":"standard","meta":{"sfsi_plus_gutenberg_text_before_share":"","sfsi_plus_gutenberg_show_text_before_share":"","sfsi_plus_gutenberg_icon_type":"","sfsi_plus_gutenberg_icon_alignemt":"","sfsi_plus_gutenburg_max_per_row":"","footnotes":""},"categories":[11],"tags":[],"class_list":["post-29967","post","type-post","status-publish","format-standard","has-post-thumbnail","hentry","category-politica"],"_links":{"self":[{"href":"https:\/\/www.caririemacao.com\/1\/wp-json\/wp\/v2\/posts\/29967","targetHints":{"allow":["GET"]}}],"collection":[{"href":"https:\/\/www.caririemacao.com\/1\/wp-json\/wp\/v2\/posts"}],"about":[{"href":"https:\/\/www.caririemacao.com\/1\/wp-json\/wp\/v2\/types\/post"}],"author":[{"embeddable":true,"href":"https:\/\/www.caririemacao.com\/1\/wp-json\/wp\/v2\/users\/2"}],"replies":[{"embeddable":true,"href":"https:\/\/www.caririemacao.com\/1\/wp-json\/wp\/v2\/comments?post=29967"}],"version-history":[{"count":0,"href":"https:\/\/www.caririemacao.com\/1\/wp-json\/wp\/v2\/posts\/29967\/revisions"}],"wp:featuredmedia":[{"embeddable":true,"href":"https:\/\/www.caririemacao.com\/1\/wp-json\/wp\/v2\/media\/17313"}],"wp:attachment":[{"href":"https:\/\/www.caririemacao.com\/1\/wp-json\/wp\/v2\/media?parent=29967"}],"wp:term":[{"taxonomy":"category","embeddable":true,"href":"https:\/\/www.caririemacao.com\/1\/wp-json\/wp\/v2\/categories?post=29967"},{"taxonomy":"post_tag","embeddable":true,"href":"https:\/\/www.caririemacao.com\/1\/wp-json\/wp\/v2\/tags?post=29967"}],"curies":[{"name":"wp","href":"https:\/\/api.w.org\/{rel}","templated":true}]}}