{"id":29971,"date":"2017-10-05T08:56:30","date_gmt":"2017-10-05T11:56:30","guid":{"rendered":"http:\/\/caririemacao.com\/1\/?p=29971"},"modified":"2017-10-05T08:56:30","modified_gmt":"2017-10-05T11:56:30","slug":"temer-detona-janot-em-defesa-na-camara-federal","status":"publish","type":"post","link":"https:\/\/www.caririemacao.com\/1\/2017\/10\/05\/temer-detona-janot-em-defesa-na-camara-federal\/","title":{"rendered":"Temer detona Janot em defesa na C\u00e2mara Federal"},"content":{"rendered":"<p>Denunciado pelos crimes de organiza\u00e7\u00e3o criminosa e obstru\u00e7\u00e3o \u00e0 Justi\u00e7a pela Procuradoria-Geral da Rep\u00fablica (PGR), o presidente Michel Temer (PMDB) foi duro com o ex-procurador-geral Rodrigo Janot ao apresentar sua defesa na Comiss\u00e3o de Constitui\u00e7\u00e3o e Justi\u00e7a (CCJ) da C\u00e2mara, cujo primeiro cap\u00edtulo leva o t\u00edtulo de \u201cA constru\u00e7\u00e3o de uma acusa\u00e7\u00e3o torpe: o ocaso do arqueiro que flechou o Estado de Direito\u201d.<\/p>\n<p>Nas 89 p\u00e1ginas do documento entregue na tarde desta quarta-feira \u00e0 CCJ, os defensores de Temer, obviamente chancelados pelo peemedebista, fazem in\u00fameros ataques a Janot, acusado de produzir uma den\u00fancia \u201cinepta\u201d, uma \u201cfarsa\u201d, baseada apenas em dela\u00e7\u00f5es premiadas de \u201ciscariotes\u201d e \u201cmalandros\u201d. At\u00e9 o emprego da L\u00edngua Portuguesa pelo ex-chefe da PGR na segunda den\u00fancia \u00e9 ironizado, listado como uma das v\u00edtimas da nova acusa\u00e7\u00e3o, ao lado do \u201cDireito e dos pr\u00f3prios denunciados\u201d.<\/p>\n<p>Em meio a argumentos t\u00e9cnicos de que Rodrigo Janot \u00e9 suspeito para investigar Temer e que a den\u00fancia \u00e9 calcada em relatos vazios de provas, os defensores Eduardo Carnel\u00f3s e Roberto Soares Garcia, rec\u00e9m-contratados pelo peemedebista, afirmam que Janot tinha \u201cobsess\u00e3o\u201d pela queda de Temer para evitar que Raquel Dodge fosse indicada e o sucedesse na PGR.<\/p>\n<p>\u201cA obsess\u00e3o de Rodrigo Janot, seu mal agir, foi anti\u00e9tico, imoral, indecente e ilegal!\u201d, dispara a dupla de advogados. \u201cDoentia obsess\u00e3o\u201d e \u201cinsana tentativa de golpear as institui\u00e7\u00f5es\u201d s\u00e3o outros ataques direcionados ao ex-procurador-geral da Rep\u00fablica e \u00e0 den\u00fancia contra Michel Temer.<\/p>\n<p>Ao acusarem a \u201ctramoia\u201d que teria sido urdida por Janot e delatores para derrubar o presidente, a defesa de Temer menciona a grava\u00e7\u00e3o entre o empres\u00e1rio Joesley Batista e o executivo da JBS Ricardo Saud, que levou \u00e0 rescis\u00e3o do acordo de dela\u00e7\u00e3o de ambos. Na conversa, Joesley e Saud falam sobre a atua\u00e7\u00e3o do ex-procurador da Rep\u00fablica Marcello Miller nas tratativas pelo acordo de colabora\u00e7\u00e3o da empresa, mesmo enquanto Miller ainda exercia oficialmente a fun\u00e7\u00e3o p\u00fablica. Ex-bra\u00e7o-direito de Janot, Miller se tornou advogado da JBS.<\/p>\n<p>\u201cExtrai-se que os delatores estiveram desde sempre sob orienta\u00e7\u00e3o de membros do Minist\u00e9rio P\u00fablico Federal, um dos quais, ali\u00e1s, a desempenhar fun\u00e7\u00f5es de agente duplo, porque, logo depois de deixar o cargo p\u00fablico, assumiu a condi\u00e7\u00e3o de advogado dos mesmos delatores que orientara na produ\u00e7\u00e3o de provas forjadas\u201d, atacam Carnel\u00f3s e Garcia.<\/p>\n<p>Rodrigo Janot tamb\u00e9m \u00e9 criticado por, nas palavras dos advogados de Temer, ter aberto uma \u201cindecorosa concorr\u00eancia\u201d entre o doleiro L\u00facio Bolonha Funaro e o ex-presidente da C\u00e2mara Eduardo Cunha (PMDB-RJ). O certame, dizem os defensores, teria como vencedor \u201caquele que se dispusesse a apresentar relato que enredasse o presidente da Rep\u00fablica na pr\u00e1tica de crimes\u201d. Funaro teve a dela\u00e7\u00e3o premiada homologada pelo Supremo Tribunal Federal (STF) no in\u00edcio de setembro.<\/p>\n<p>A defesa de Temer tamb\u00e9m provoca Janot ao citar sua sucess\u00e3o na PGR, conduzida pelo pr\u00f3prio presidente, que indicou Dodge ao cargo. \u201cA Procuradoria-Geral da Rep\u00fablica hoje voltou aos trilhos do respeito \u00e0 ordem jur\u00eddica do pa\u00eds\u201d, diz o texto, cujo \u00faltimo cap\u00edtulo \u00e9 intitulado \u201ctempo de cuidar da vida e dos vivos\u201d.<\/p>\n<p>\u201cAos mortos, deem-se sepulturas dignas, mas n\u00e3o se lhes permita, principalmente aos que n\u00e3o se houveram dignamente, que dirijam os destinos dos que lutam para ter respeitada sua dignidade em vida\u201d, escrevem os defensores de Temer, em met\u00e1fora semelhante \u00e0 empregada pelo ministro Gilmar Mendes quando da sa\u00edda de Rodrigo Janot da PGR: \u201cQue saiba morrer quem viver n\u00e3o soube\u201d.<\/p>\n<p><strong>CARIRI EM A\u00c7\u00c3O<\/strong><\/p>\n<p><em>Com\u00a0Pagina1pb\/Foto:Google\u00a0\u00a0 <\/em><\/p>\n<p><strong>Leia mais not\u00edcias em\u00a0<\/strong><a href=\"http:\/\/www.caririemacao.com\/\"><strong>caririemacao.com<\/strong><\/a><strong>, siga nossa p\u00e1gina no\u00a0<\/strong><a href=\"https:\/\/www.facebook.com\/CaririEmAcao\/?ref=aymt_homepage_panel\"><strong>Facebook<\/strong><\/a>,<strong>\u00a0<\/strong><a href=\"https:\/\/www.instagram.com\/cariri_em_acao\/?hl=pt-br\"><strong>Instagram<\/strong><\/a><strong>\u00a0e <\/strong><a href=\"https:\/\/www.youtube.com\/channel\/UCAptA0jQuYQy8vMhLt2m4qg\"><strong>Youtube<\/strong><\/a><strong>\u00a0e veja nossas mat\u00e9rias, v\u00eddeos e fotos. Voc\u00ea tamb\u00e9m pode enviar informa\u00e7\u00f5es \u00e0 Reda\u00e7\u00e3o do Portal Cariri em A\u00e7\u00e3o pelo WhatsApp (83) 9 9634.5791, (83) 9 9601-1162.<\/strong><\/p>\n","protected":false},"excerpt":{"rendered":"<p>Denunciado pelos crimes de organiza\u00e7\u00e3o criminosa e obstru\u00e7\u00e3o \u00e0 Justi\u00e7a pela Procuradoria-Geral da Rep\u00fablica (PGR), o presidente Michel Temer (PMDB) foi duro com o ex-procurador-geral&hellip; <\/p>\n","protected":false},"author":2,"featured_media":24536,"comment_status":"closed","ping_status":"closed","sticky":false,"template":"","format":"standard","meta":{"sfsi_plus_gutenberg_text_before_share":"","sfsi_plus_gutenberg_show_text_before_share":"","sfsi_plus_gutenberg_icon_type":"","sfsi_plus_gutenberg_icon_alignemt":"","sfsi_plus_gutenburg_max_per_row":"","footnotes":""},"categories":[11],"tags":[],"class_list":["post-29971","post","type-post","status-publish","format-standard","has-post-thumbnail","hentry","category-politica"],"_links":{"self":[{"href":"https:\/\/www.caririemacao.com\/1\/wp-json\/wp\/v2\/posts\/29971","targetHints":{"allow":["GET"]}}],"collection":[{"href":"https:\/\/www.caririemacao.com\/1\/wp-json\/wp\/v2\/posts"}],"about":[{"href":"https:\/\/www.caririemacao.com\/1\/wp-json\/wp\/v2\/types\/post"}],"author":[{"embeddable":true,"href":"https:\/\/www.caririemacao.com\/1\/wp-json\/wp\/v2\/users\/2"}],"replies":[{"embeddable":true,"href":"https:\/\/www.caririemacao.com\/1\/wp-json\/wp\/v2\/comments?post=29971"}],"version-history":[{"count":0,"href":"https:\/\/www.caririemacao.com\/1\/wp-json\/wp\/v2\/posts\/29971\/revisions"}],"wp:featuredmedia":[{"embeddable":true,"href":"https:\/\/www.caririemacao.com\/1\/wp-json\/wp\/v2\/media\/24536"}],"wp:attachment":[{"href":"https:\/\/www.caririemacao.com\/1\/wp-json\/wp\/v2\/media?parent=29971"}],"wp:term":[{"taxonomy":"category","embeddable":true,"href":"https:\/\/www.caririemacao.com\/1\/wp-json\/wp\/v2\/categories?post=29971"},{"taxonomy":"post_tag","embeddable":true,"href":"https:\/\/www.caririemacao.com\/1\/wp-json\/wp\/v2\/tags?post=29971"}],"curies":[{"name":"wp","href":"https:\/\/api.w.org\/{rel}","templated":true}]}}